{"id":283,"date":"2023-02-22T18:46:20","date_gmt":"2023-02-22T18:46:20","guid":{"rendered":"https:\/\/talentovit.mx\/Blog\/?p=283"},"modified":"2024-09-24T16:46:44","modified_gmt":"2024-09-24T22:46:44","slug":"el-futuro-del-trabajo-y-las-expectativas-de-las-nuevas-generaciones","status":"publish","type":"post","link":"https:\/\/talentovit.mx\/Blog\/el-futuro-del-trabajo-y-las-expectativas-de-las-nuevas-generaciones\/","title":{"rendered":"El futuro del trabajo y las expectativas de las nuevas generaciones."},"content":{"rendered":"\n<p>Las nuevas generaciones poseen una mirada diferente del trabajo que va m\u00e1s all\u00e1 de una de una relaci\u00f3n bajo dependencia convencional.<\/p>\n\n\n\n<p>En la medida que las nuevas generaciones se integran al mercado laboral, el mundo del trabajo se ve impactado con sus valores y cualidades. De acuerdo con Indeed, el 53% de los centennials en M\u00e9xico (de 12 a 25 a\u00f1os) ya est\u00e1n activos laboralmente con uno o dos trabajos.<\/p>\n\n\n\n<p>Para el 2025, se estima que el 75% de la fuerza laboral mundial ser\u00e1 integrada por millennials. Una generaci\u00f3n de colaboradores que no busca \u00fanicamente el balance entre la vida personal y laboral, sino que la vida sea parte del trabajo.\u00a0\u00a0\u00a0<\/p>\n\n\n\n<p>\u25b6\ufe0f<strong>Aqu\u00ed te decimos las 5 expectativas de las Nuevas Generaciones a Nivel Laboral<\/strong>\u25c0\ufe0f<\/p>\n\n\n\n<p><em>La encuesta de Manpower sobre Escasez de oportunidades laborales para los j\u00f3venes 2022 identifica que el sueldo y las prestaciones, el desarrollo profesional y la relaci\u00f3n formal de trabajo son los tres factores con mayor importancia para los j\u00f3venes para aceptar un empleo.<\/em><\/p>\n\n\n\n<p>\u25b6\ufe0f<strong>Retroalimentaci\u00f3n<\/strong><\/p>\n\n\n\n<p>Quieren y esperan una retroalimentaci\u00f3n en forma constante.<\/p>\n\n\n\n<p>Esta generaci\u00f3n no tiene una percepci\u00f3n negativa de la retroalimentaci\u00f3n de su superior, por lo contrario, se encuentra a la espera de este encuentro. Quiere saber qu\u00e9 est\u00e1 haciendo bien y qu\u00e9 debe mejorar, acostumbrando a tener un feedback constante en cada proyecto u objetivo realizado.<\/p>\n\n\n\n<p>\u25b6\ufe0f<strong>Desarrollo Profesional<\/strong><\/p>\n\n\n\n<p>Desean una formaci\u00f3n y oportunidades de desarrollo profesional.<\/p>\n\n\n\n<p>El Millennial utiliza cada oportunidad laboral, como una oportunidad para crecer a nivel profesional. Est\u00e1 en constante aprendizaje y toma de referencia a aquellas personas que los instruyen. Para esto, es importante que las empresas le den todo tipo de herramientas de capacitaci\u00f3n y un l\u00edder con \u00e1nimo de ense\u00f1ar e instruir, sin olvidar la oportunidad de crecer dentro de la misma empresa.<\/p>\n\n\n\n<p>\u25b6\ufe0f<strong>Contribuir con la misi\u00f3n<\/strong><\/p>\n\n\n\n<p>Buscan que su trabajo contribuya a la misi\u00f3n de la organizaci\u00f3n<\/p>\n\n\n\n<p>Deben sentir que su esfuerzo est\u00e1 siendo \u00fatil para la misi\u00f3n general de la organizaci\u00f3n. Relacionado a lo que mencionamos anteriormente de la retroalimentaci\u00f3n constante, para esta generaci\u00f3n, es importante saber que lo que realizan en el d\u00eda a d\u00eda est\u00e1 alineado a lo que la empresa quiere lograr.<\/p>\n\n\n\n<p>\u25b6\ufe0f<strong>Flexibilidad<\/strong><\/p>\n\n\n\n<p>la posibilidad de tener control sobre su tiempo y decidir cu\u00e1ndo&nbsp;y d\u00f3nde trabajar se ha vuelto cada vez m\u00e1s relevante para el talento joven y&nbsp;uno de los principales motivadores por los cuales los millennials y centennials&nbsp;deciden aceptar un puesto de trabajo y\/o permanecer en una compa\u00f1\u00eda, ya&nbsp;que se ha demostrado que la flexibilidad tiene un impacto positivo en su&nbsp;bienestar y productividad.<\/p>\n\n\n\n<p>\u25b6\ufe0f<strong>Prioridad en la salud mental<\/strong><\/p>\n\n\n\n<p>La fuerza laboral joven est\u00e1 preocup\u00e1ndose y&nbsp;ocup\u00e1ndose en mayor manera por su bienestar mental, por lo que buscan&nbsp;estar en organizaciones que cuenten con pol\u00edticas laborales y acciones que&nbsp;promuevan reducir los niveles de estr\u00e9s y ansiedad, los cuales ya han&nbsp;afectado a 35 por ciento de los trabajadores millennials y 41 por ciento de los&nbsp;colaboradores centennials en M\u00e9xico, de acuerdo con datos de Deloitte.<\/p>\n\n\n\n<p>\ud83d\udfe2<strong>\u00bfC\u00f3mo los lideres pueden ayudar a alcanzar estos objetivos?<\/strong>\ud83d\udfe2<\/p>\n\n\n\n<p>\ud83d\udfe2<strong>Control<\/strong><\/p>\n\n\n\n<p><em>\u00bfQu\u00e9 hay detr\u00e1s de las reuniones semanales o mensuales?<\/em><\/p>\n\n\n\n<p>Actualmente, el control laboral no es visto como algo negativo o que puede causar incomodidad en los colaboradores. Por lo contrario, genera motivaci\u00f3n. Los colaboradores esperan este momento para demostrar lo realizado y ver el an\u00e1lisis de los l\u00edderes.<\/p>\n\n\n\n<p>\ud83d\udfe2<strong>Pertenencia<\/strong><\/p>\n\n\n\n<p><em>Sentirse parte de la organizaci\u00f3n en lo laboral y en lo social.<\/em><\/p>\n\n\n\n<p>As\u00ed como mencionamos que el Millennial quiere sentir que colabora en el objetivo final de la empresa, la organizaci\u00f3n debe buscar la forma de generar ese sentimiento de pertenencia.<\/p>\n\n\n\n<p>Estas nuevas generaciones, que tambi\u00e9n han pasado por una pandemia, buscan que el lugar donde pasan la mayor parte de su d\u00eda sea un ambiente agradable y sociable.<\/p>\n\n\n\n<p>La formaci\u00f3n de equipos laborales puede brindar objetivos muy positivos y fomentar el sentido de pertenencia.<\/p>\n\n\n\n<p>Si esto se encuentra fortalecido en la organizaci\u00f3n, hay altas probabilidades de que aumente la productividad y se mantenga la motivaci\u00f3n.<\/p>\n\n\n\n<p>\ud83d\udfe2<strong>Bienestar<\/strong><\/p>\n\n\n\n<p><em>Priorizar el bienestar, aumenta la motivaci\u00f3n.<\/em><\/p>\n\n\n\n<p>Las empresas deben preocuparse por el bienestar de sus colaboradores, tanto en lo f\u00edsico como en lo psicol\u00f3gico.<\/p>\n\n\n\n<p>Se ha elevado la concientizaci\u00f3n acerca de la salud mental, eso trae gran repercusi\u00f3n en el ambiente laboral ya que las empresas deber\u00e1n desarrollar m\u00e1s herramientas para acompa\u00f1ar y mejorar el estilo de vida de sus colaboradores.<\/p>\n\n\n\n<p>\ud83d\udfe2<strong>Productividad<\/strong><\/p>\n\n\n\n<p>Nadie sabe c\u00f3mo ser\u00e1 el futuro en material laboral, sin embargo cada vez hay m\u00e1s compa\u00f1\u00edas que buscan adaptarse y adoptar diferentes soluciones con base en las necesidades y exigencias de cada una de las partes, repercutiendo en la transmisi\u00f3n de su cultura y el sentido de pertenencia.<\/p>\n\n\n\n<p>La flexibilidad laboral ha pasado de ser una medida de emergencia provocada por una pandemia para asegurar la supervivencia de una empresa, a convertirse en un fin en s\u00ed mismo como un elemento clave que pone al colaborador en el centro de su estrategia.<\/p>\n\n\n\n<p>\ud83d\udfe2<strong>Salud psicol\u00f3gica<\/strong><\/p>\n\n\n\n<p>Un l\u00edder puede ser clave para que un trabajador se sienta de un modo u otro. Que reaccione de una manera u otra ante los retos que se le presentan en el trabajo.<\/p>\n\n\n\n<p>Si quieres evitar que esto suceda a tus empleados, deber\u00e1s saber c\u00f3mo se sienten a trav\u00e9s de e valuaciones de desempe\u00f1o, controlar la carga de trabajo, ofrecer mayor flexibilidad, etc.<\/p>\n\n\n\n<p>En <strong><a href=\"https:\/\/talentovit.mx\/#contacto\">Talento VIT<\/a><\/strong> a trav\u00e9s de nuestro servicio de<a href=\"https:\/\/talentovit.mx\/assets\/files\/brochure_vit.pdf\"> <strong>vinculaci\u00f3n de talento <\/strong><\/a>realizamos un acercamiento para evaluar tus necesidades y el tipo de perfil que requieres y garantizar profesionales alineados a los objetivos y cultura de tu organizaci\u00f3n.<\/p>\n","protected":false},"excerpt":{"rendered":"<p>Para el 2025, se estima que el 75% de la fuerza laboral mundial ser\u00e1 integrada por millennials. Una generaci\u00f3n de colaboradores que no busca \u00fanicamente el balance entre la vida personal y laboral, sino que la vida sea parte del trabajo.    &hellip; <\/p>\n<p><span class=\"more-link\"><a href=\"https:\/\/talentovit.mx\/Blog\/el-futuro-del-trabajo-y-las-expectativas-de-las-nuevas-generaciones\/\" class=\"readmore\">Seguir leyendo<span class=\"screen-reader-text\">El futuro del trabajo y las expectativas de las nuevas generaciones.<\/span><\/a><\/span><\/p>\n","protected":false},"author":2,"featured_media":284,"comment_status":"closed","ping_status":"closed","sticky":false,"template":"","format":"standard","meta":{"footnotes":""},"categories":[22,3,12,13,174,59],"tags":[187,188,190,63,189,170,185,184,93],"class_list":["post-283","post","type-post","status-publish","format-standard","has-post-thumbnail","hentry","category-clima-organizacional","category-contencion-emocional","category-liderazgo","category-nuevas-competencias","category-talento-en-mexico","category-tendencias-rrhh","tag-bienestar-de-los-empleados","tag-desarrollo-profesional","tag-nuevas-generaciones","tag-productividad","tag-retroalimentacion","tag-salud-mental","tag-salud-psicologica","tag-trabajo-del-futuro","tag-trabajo-hibrido"],"yoast_head":"<!-- This site is optimized with the Yoast SEO plugin v27.4 - https:\/\/yoast.com\/product\/yoast-seo-wordpress\/ -->\n<title>El futuro del trabajo y las expectativas de las nuevas generaciones<\/title>\n<meta name=\"description\" content=\"Lee nuestro art\u00edculo El futuro del trabajo y las expectativas de las nuevas generaciones. - Talento VIT\" \/>\n<meta name=\"robots\" content=\"index, follow, max-snippet:-1, max-image-preview:large, max-video-preview:-1\" \/>\n<link rel=\"canonical\" href=\"https:\/\/talentovit.mx\/Blog\/el-futuro-del-trabajo-y-las-expectativas-de-las-nuevas-generaciones\/\" \/>\n<meta property=\"og:locale\" content=\"es_ES\" \/>\n<meta property=\"og:type\" content=\"article\" \/>\n<meta property=\"og:title\" content=\"El futuro del trabajo y las expectativas de las nuevas generaciones\" \/>\n<meta property=\"og:description\" content=\"Lee nuestro art\u00edculo El futuro del trabajo y las expectativas de las nuevas generaciones. - Talento VIT\" \/>\n<meta property=\"og:url\" content=\"https:\/\/talentovit.mx\/Blog\/el-futuro-del-trabajo-y-las-expectativas-de-las-nuevas-generaciones\/\" \/>\n<meta property=\"og:site_name\" content=\"Talento VIT\" \/>\n<meta property=\"article:published_time\" content=\"2023-02-22T18:46:20+00:00\" \/>\n<meta property=\"article:modified_time\" content=\"2024-09-24T22:46:44+00:00\" \/>\n<meta property=\"og:image\" content=\"https:\/\/talentovit.mx\/Blog\/wp-content\/uploads\/2023\/02\/Blog-VIT-26-1024x390.png\" \/>\n\t<meta property=\"og:image:width\" content=\"1024\" \/>\n\t<meta property=\"og:image:height\" content=\"390\" \/>\n\t<meta property=\"og:image:type\" content=\"image\/png\" \/>\n<meta name=\"author\" content=\"Janin Gonzalez\" \/>\n<meta name=\"twitter:card\" content=\"summary_large_image\" \/>\n<meta name=\"twitter:label1\" content=\"Escrito por\" \/>\n\t<meta name=\"twitter:data1\" content=\"Janin Gonzalez\" \/>\n\t<meta name=\"twitter:label2\" content=\"Tiempo de lectura\" \/>\n\t<meta name=\"twitter:data2\" content=\"5 minutos\" \/>\n<script type=\"application\/ld+json\" class=\"yoast-schema-graph\">{\"@context\":\"https:\\\/\\\/schema.org\",\"@graph\":[{\"@type\":\"Article\",\"@id\":\"https:\\\/\\\/talentovit.mx\\\/Blog\\\/el-futuro-del-trabajo-y-las-expectativas-de-las-nuevas-generaciones\\\/#article\",\"isPartOf\":{\"@id\":\"https:\\\/\\\/talentovit.mx\\\/Blog\\\/el-futuro-del-trabajo-y-las-expectativas-de-las-nuevas-generaciones\\\/\"},\"author\":{\"name\":\"Janin Gonzalez\",\"@id\":\"https:\\\/\\\/talentovit.mx\\\/Blog\\\/#\\\/schema\\\/person\\\/414cc072e4197e56124a8552c0389cd0\"},\"headline\":\"El futuro del trabajo y las expectativas de las nuevas generaciones.\",\"datePublished\":\"2023-02-22T18:46:20+00:00\",\"dateModified\":\"2024-09-24T22:46:44+00:00\",\"mainEntityOfPage\":{\"@id\":\"https:\\\/\\\/talentovit.mx\\\/Blog\\\/el-futuro-del-trabajo-y-las-expectativas-de-las-nuevas-generaciones\\\/\"},\"wordCount\":1003,\"publisher\":{\"@id\":\"https:\\\/\\\/talentovit.mx\\\/Blog\\\/#organization\"},\"image\":{\"@id\":\"https:\\\/\\\/talentovit.mx\\\/Blog\\\/el-futuro-del-trabajo-y-las-expectativas-de-las-nuevas-generaciones\\\/#primaryimage\"},\"thumbnailUrl\":\"https:\\\/\\\/talentovit.mx\\\/Blog\\\/wp-content\\\/uploads\\\/2023\\\/02\\\/Blog-VIT-26.png\",\"keywords\":[\"Bienestar de los empleados\",\"Desarrollo profesional\",\"nuevas generaciones\",\"Productividad\",\"retroalimentaci+on\",\"Salud Mental\",\"Salud psicol\u00f3gica\",\"Trabajo del futuro\",\"Trabajo H\u00edbrido\"],\"articleSection\":[\"Clima Organizacional\",\"Contenci\u00f3n Emocional\",\"Liderazgo\",\"Nuevas Competencias\",\"Talento en M\u00e9xico\",\"Tendencias RRHH\"],\"inLanguage\":\"es\"},{\"@type\":\"WebPage\",\"@id\":\"https:\\\/\\\/talentovit.mx\\\/Blog\\\/el-futuro-del-trabajo-y-las-expectativas-de-las-nuevas-generaciones\\\/\",\"url\":\"https:\\\/\\\/talentovit.mx\\\/Blog\\\/el-futuro-del-trabajo-y-las-expectativas-de-las-nuevas-generaciones\\\/\",\"name\":\"El futuro del trabajo y las expectativas de las nuevas generaciones\",\"isPartOf\":{\"@id\":\"https:\\\/\\\/talentovit.mx\\\/Blog\\\/#website\"},\"primaryImageOfPage\":{\"@id\":\"https:\\\/\\\/talentovit.mx\\\/Blog\\\/el-futuro-del-trabajo-y-las-expectativas-de-las-nuevas-generaciones\\\/#primaryimage\"},\"image\":{\"@id\":\"https:\\\/\\\/talentovit.mx\\\/Blog\\\/el-futuro-del-trabajo-y-las-expectativas-de-las-nuevas-generaciones\\\/#primaryimage\"},\"thumbnailUrl\":\"https:\\\/\\\/talentovit.mx\\\/Blog\\\/wp-content\\\/uploads\\\/2023\\\/02\\\/Blog-VIT-26.png\",\"datePublished\":\"2023-02-22T18:46:20+00:00\",\"dateModified\":\"2024-09-24T22:46:44+00:00\",\"description\":\"Lee nuestro art\u00edculo El futuro del trabajo y las expectativas de las nuevas generaciones. - Talento VIT\",\"breadcrumb\":{\"@id\":\"https:\\\/\\\/talentovit.mx\\\/Blog\\\/el-futuro-del-trabajo-y-las-expectativas-de-las-nuevas-generaciones\\\/#breadcrumb\"},\"inLanguage\":\"es\",\"potentialAction\":[{\"@type\":\"ReadAction\",\"target\":[\"https:\\\/\\\/talentovit.mx\\\/Blog\\\/el-futuro-del-trabajo-y-las-expectativas-de-las-nuevas-generaciones\\\/\"]}]},{\"@type\":\"ImageObject\",\"inLanguage\":\"es\",\"@id\":\"https:\\\/\\\/talentovit.mx\\\/Blog\\\/el-futuro-del-trabajo-y-las-expectativas-de-las-nuevas-generaciones\\\/#primaryimage\",\"url\":\"https:\\\/\\\/talentovit.mx\\\/Blog\\\/wp-content\\\/uploads\\\/2023\\\/02\\\/Blog-VIT-26.png\",\"contentUrl\":\"https:\\\/\\\/talentovit.mx\\\/Blog\\\/wp-content\\\/uploads\\\/2023\\\/02\\\/Blog-VIT-26.png\",\"width\":2050,\"height\":780},{\"@type\":\"BreadcrumbList\",\"@id\":\"https:\\\/\\\/talentovit.mx\\\/Blog\\\/el-futuro-del-trabajo-y-las-expectativas-de-las-nuevas-generaciones\\\/#breadcrumb\",\"itemListElement\":[{\"@type\":\"ListItem\",\"position\":1,\"name\":\"Portada\",\"item\":\"https:\\\/\\\/talentovit.mx\\\/Blog\\\/\"},{\"@type\":\"ListItem\",\"position\":2,\"name\":\"El futuro del trabajo y las expectativas de las nuevas generaciones.\"}]},{\"@type\":\"WebSite\",\"@id\":\"https:\\\/\\\/talentovit.mx\\\/Blog\\\/#website\",\"url\":\"https:\\\/\\\/talentovit.mx\\\/Blog\\\/\",\"name\":\"Talento VIT\",\"description\":\"\",\"publisher\":{\"@id\":\"https:\\\/\\\/talentovit.mx\\\/Blog\\\/#organization\"},\"potentialAction\":[{\"@type\":\"SearchAction\",\"target\":{\"@type\":\"EntryPoint\",\"urlTemplate\":\"https:\\\/\\\/talentovit.mx\\\/Blog\\\/?s={search_term_string}\"},\"query-input\":{\"@type\":\"PropertyValueSpecification\",\"valueRequired\":true,\"valueName\":\"search_term_string\"}}],\"inLanguage\":\"es\"},{\"@type\":\"Organization\",\"@id\":\"https:\\\/\\\/talentovit.mx\\\/Blog\\\/#organization\",\"name\":\"Talento VIT\",\"url\":\"https:\\\/\\\/talentovit.mx\\\/Blog\\\/\",\"logo\":{\"@type\":\"ImageObject\",\"inLanguage\":\"es\",\"@id\":\"https:\\\/\\\/talentovit.mx\\\/Blog\\\/#\\\/schema\\\/logo\\\/image\\\/\",\"url\":\"https:\\\/\\\/talentovit.mx\\\/Blog\\\/wp-content\\\/uploads\\\/2020\\\/07\\\/02.png\",\"contentUrl\":\"https:\\\/\\\/talentovit.mx\\\/Blog\\\/wp-content\\\/uploads\\\/2020\\\/07\\\/02.png\",\"width\":1261,\"height\":2172,\"caption\":\"Talento VIT\"},\"image\":{\"@id\":\"https:\\\/\\\/talentovit.mx\\\/Blog\\\/#\\\/schema\\\/logo\\\/image\\\/\"}},{\"@type\":\"Person\",\"@id\":\"https:\\\/\\\/talentovit.mx\\\/Blog\\\/#\\\/schema\\\/person\\\/414cc072e4197e56124a8552c0389cd0\",\"name\":\"Janin Gonzalez\",\"image\":{\"@type\":\"ImageObject\",\"inLanguage\":\"es\",\"@id\":\"https:\\\/\\\/secure.gravatar.com\\\/avatar\\\/7f289cfba40e818c32a1aa259bf1e698e6f934390a3ac0d95a0673ded52a8702?s=96&d=mm&r=g\",\"url\":\"https:\\\/\\\/secure.gravatar.com\\\/avatar\\\/7f289cfba40e818c32a1aa259bf1e698e6f934390a3ac0d95a0673ded52a8702?s=96&d=mm&r=g\",\"contentUrl\":\"https:\\\/\\\/secure.gravatar.com\\\/avatar\\\/7f289cfba40e818c32a1aa259bf1e698e6f934390a3ac0d95a0673ded52a8702?s=96&d=mm&r=g\",\"caption\":\"Janin Gonzalez\"},\"sameAs\":[\"https:\\\/\\\/talentovit.mx\"],\"url\":\"https:\\\/\\\/talentovit.mx\\\/Blog\\\/author\\\/mkt\\\/\"}]}<\/script>\n<!-- \/ Yoast SEO plugin. -->","yoast_head_json":{"title":"El futuro del trabajo y las expectativas de las nuevas generaciones","description":"Lee nuestro art\u00edculo El futuro del trabajo y las expectativas de las nuevas generaciones. - Talento VIT","robots":{"index":"index","follow":"follow","max-snippet":"max-snippet:-1","max-image-preview":"max-image-preview:large","max-video-preview":"max-video-preview:-1"},"canonical":"https:\/\/talentovit.mx\/Blog\/el-futuro-del-trabajo-y-las-expectativas-de-las-nuevas-generaciones\/","og_locale":"es_ES","og_type":"article","og_title":"El futuro del trabajo y las expectativas de las nuevas generaciones","og_description":"Lee nuestro art\u00edculo El futuro del trabajo y las expectativas de las nuevas generaciones. - Talento VIT","og_url":"https:\/\/talentovit.mx\/Blog\/el-futuro-del-trabajo-y-las-expectativas-de-las-nuevas-generaciones\/","og_site_name":"Talento VIT","article_published_time":"2023-02-22T18:46:20+00:00","article_modified_time":"2024-09-24T22:46:44+00:00","og_image":[{"width":1024,"height":390,"url":"https:\/\/talentovit.mx\/Blog\/wp-content\/uploads\/2023\/02\/Blog-VIT-26-1024x390.png","type":"image\/png"}],"author":"Janin Gonzalez","twitter_card":"summary_large_image","twitter_misc":{"Escrito por":"Janin Gonzalez","Tiempo de lectura":"5 minutos"},"schema":{"@context":"https:\/\/schema.org","@graph":[{"@type":"Article","@id":"https:\/\/talentovit.mx\/Blog\/el-futuro-del-trabajo-y-las-expectativas-de-las-nuevas-generaciones\/#article","isPartOf":{"@id":"https:\/\/talentovit.mx\/Blog\/el-futuro-del-trabajo-y-las-expectativas-de-las-nuevas-generaciones\/"},"author":{"name":"Janin Gonzalez","@id":"https:\/\/talentovit.mx\/Blog\/#\/schema\/person\/414cc072e4197e56124a8552c0389cd0"},"headline":"El futuro del trabajo y las expectativas de las nuevas generaciones.","datePublished":"2023-02-22T18:46:20+00:00","dateModified":"2024-09-24T22:46:44+00:00","mainEntityOfPage":{"@id":"https:\/\/talentovit.mx\/Blog\/el-futuro-del-trabajo-y-las-expectativas-de-las-nuevas-generaciones\/"},"wordCount":1003,"publisher":{"@id":"https:\/\/talentovit.mx\/Blog\/#organization"},"image":{"@id":"https:\/\/talentovit.mx\/Blog\/el-futuro-del-trabajo-y-las-expectativas-de-las-nuevas-generaciones\/#primaryimage"},"thumbnailUrl":"https:\/\/talentovit.mx\/Blog\/wp-content\/uploads\/2023\/02\/Blog-VIT-26.png","keywords":["Bienestar de los empleados","Desarrollo profesional","nuevas generaciones","Productividad","retroalimentaci+on","Salud Mental","Salud psicol\u00f3gica","Trabajo del futuro","Trabajo H\u00edbrido"],"articleSection":["Clima Organizacional","Contenci\u00f3n Emocional","Liderazgo","Nuevas Competencias","Talento en M\u00e9xico","Tendencias RRHH"],"inLanguage":"es"},{"@type":"WebPage","@id":"https:\/\/talentovit.mx\/Blog\/el-futuro-del-trabajo-y-las-expectativas-de-las-nuevas-generaciones\/","url":"https:\/\/talentovit.mx\/Blog\/el-futuro-del-trabajo-y-las-expectativas-de-las-nuevas-generaciones\/","name":"El futuro del trabajo y las expectativas de las nuevas generaciones","isPartOf":{"@id":"https:\/\/talentovit.mx\/Blog\/#website"},"primaryImageOfPage":{"@id":"https:\/\/talentovit.mx\/Blog\/el-futuro-del-trabajo-y-las-expectativas-de-las-nuevas-generaciones\/#primaryimage"},"image":{"@id":"https:\/\/talentovit.mx\/Blog\/el-futuro-del-trabajo-y-las-expectativas-de-las-nuevas-generaciones\/#primaryimage"},"thumbnailUrl":"https:\/\/talentovit.mx\/Blog\/wp-content\/uploads\/2023\/02\/Blog-VIT-26.png","datePublished":"2023-02-22T18:46:20+00:00","dateModified":"2024-09-24T22:46:44+00:00","description":"Lee nuestro art\u00edculo El futuro del trabajo y las expectativas de las nuevas generaciones. - Talento VIT","breadcrumb":{"@id":"https:\/\/talentovit.mx\/Blog\/el-futuro-del-trabajo-y-las-expectativas-de-las-nuevas-generaciones\/#breadcrumb"},"inLanguage":"es","potentialAction":[{"@type":"ReadAction","target":["https:\/\/talentovit.mx\/Blog\/el-futuro-del-trabajo-y-las-expectativas-de-las-nuevas-generaciones\/"]}]},{"@type":"ImageObject","inLanguage":"es","@id":"https:\/\/talentovit.mx\/Blog\/el-futuro-del-trabajo-y-las-expectativas-de-las-nuevas-generaciones\/#primaryimage","url":"https:\/\/talentovit.mx\/Blog\/wp-content\/uploads\/2023\/02\/Blog-VIT-26.png","contentUrl":"https:\/\/talentovit.mx\/Blog\/wp-content\/uploads\/2023\/02\/Blog-VIT-26.png","width":2050,"height":780},{"@type":"BreadcrumbList","@id":"https:\/\/talentovit.mx\/Blog\/el-futuro-del-trabajo-y-las-expectativas-de-las-nuevas-generaciones\/#breadcrumb","itemListElement":[{"@type":"ListItem","position":1,"name":"Portada","item":"https:\/\/talentovit.mx\/Blog\/"},{"@type":"ListItem","position":2,"name":"El futuro del trabajo y las expectativas de las nuevas generaciones."}]},{"@type":"WebSite","@id":"https:\/\/talentovit.mx\/Blog\/#website","url":"https:\/\/talentovit.mx\/Blog\/","name":"Talento VIT","description":"","publisher":{"@id":"https:\/\/talentovit.mx\/Blog\/#organization"},"potentialAction":[{"@type":"SearchAction","target":{"@type":"EntryPoint","urlTemplate":"https:\/\/talentovit.mx\/Blog\/?s={search_term_string}"},"query-input":{"@type":"PropertyValueSpecification","valueRequired":true,"valueName":"search_term_string"}}],"inLanguage":"es"},{"@type":"Organization","@id":"https:\/\/talentovit.mx\/Blog\/#organization","name":"Talento VIT","url":"https:\/\/talentovit.mx\/Blog\/","logo":{"@type":"ImageObject","inLanguage":"es","@id":"https:\/\/talentovit.mx\/Blog\/#\/schema\/logo\/image\/","url":"https:\/\/talentovit.mx\/Blog\/wp-content\/uploads\/2020\/07\/02.png","contentUrl":"https:\/\/talentovit.mx\/Blog\/wp-content\/uploads\/2020\/07\/02.png","width":1261,"height":2172,"caption":"Talento VIT"},"image":{"@id":"https:\/\/talentovit.mx\/Blog\/#\/schema\/logo\/image\/"}},{"@type":"Person","@id":"https:\/\/talentovit.mx\/Blog\/#\/schema\/person\/414cc072e4197e56124a8552c0389cd0","name":"Janin Gonzalez","image":{"@type":"ImageObject","inLanguage":"es","@id":"https:\/\/secure.gravatar.com\/avatar\/7f289cfba40e818c32a1aa259bf1e698e6f934390a3ac0d95a0673ded52a8702?s=96&d=mm&r=g","url":"https:\/\/secure.gravatar.com\/avatar\/7f289cfba40e818c32a1aa259bf1e698e6f934390a3ac0d95a0673ded52a8702?s=96&d=mm&r=g","contentUrl":"https:\/\/secure.gravatar.com\/avatar\/7f289cfba40e818c32a1aa259bf1e698e6f934390a3ac0d95a0673ded52a8702?s=96&d=mm&r=g","caption":"Janin Gonzalez"},"sameAs":["https:\/\/talentovit.mx"],"url":"https:\/\/talentovit.mx\/Blog\/author\/mkt\/"}]}},"_links":{"self":[{"href":"https:\/\/talentovit.mx\/Blog\/wp-json\/wp\/v2\/posts\/283","targetHints":{"allow":["GET"]}}],"collection":[{"href":"https:\/\/talentovit.mx\/Blog\/wp-json\/wp\/v2\/posts"}],"about":[{"href":"https:\/\/talentovit.mx\/Blog\/wp-json\/wp\/v2\/types\/post"}],"author":[{"embeddable":true,"href":"https:\/\/talentovit.mx\/Blog\/wp-json\/wp\/v2\/users\/2"}],"replies":[{"embeddable":true,"href":"https:\/\/talentovit.mx\/Blog\/wp-json\/wp\/v2\/comments?post=283"}],"version-history":[{"count":1,"href":"https:\/\/talentovit.mx\/Blog\/wp-json\/wp\/v2\/posts\/283\/revisions"}],"predecessor-version":[{"id":285,"href":"https:\/\/talentovit.mx\/Blog\/wp-json\/wp\/v2\/posts\/283\/revisions\/285"}],"wp:featuredmedia":[{"embeddable":true,"href":"https:\/\/talentovit.mx\/Blog\/wp-json\/wp\/v2\/media\/284"}],"wp:attachment":[{"href":"https:\/\/talentovit.mx\/Blog\/wp-json\/wp\/v2\/media?parent=283"}],"wp:term":[{"taxonomy":"category","embeddable":true,"href":"https:\/\/talentovit.mx\/Blog\/wp-json\/wp\/v2\/categories?post=283"},{"taxonomy":"post_tag","embeddable":true,"href":"https:\/\/talentovit.mx\/Blog\/wp-json\/wp\/v2\/tags?post=283"}],"curies":[{"name":"wp","href":"https:\/\/api.w.org\/{rel}","templated":true}]}}