{"id":357,"date":"2024-03-18T06:43:00","date_gmt":"2024-03-18T06:43:00","guid":{"rendered":"https:\/\/talentovit.mx\/Blog\/?p=357"},"modified":"2024-09-24T16:45:45","modified_gmt":"2024-09-24T22:45:45","slug":"desgaste-laboral","status":"publish","type":"post","link":"https:\/\/talentovit.mx\/Blog\/desgaste-laboral\/","title":{"rendered":"Desgaste Laboral: C\u00f3mo preservar la salud en la traves\u00eda profesional"},"content":{"rendered":"\n<p class=\"has-white-color has-text-color\">En el escenario laboral actual, el desgaste laboral se ha convertido en un desaf\u00edo propagado que afecta a profesionales de todos los sectores. La constante presi\u00f3n, las altas expectativas y la interconexi\u00f3n digital han contribuido al agotamiento, afectando negativamente tanto la salud f\u00edsica como la mental. En este blog, indagaremos los aspectos clave del desgaste laboral y proporcionaremos estrategias pr\u00e1cticas para preservar la salud y mantener la productividad.<\/p>\n\n\n\n<p class=\"has-text-color\" style=\"color:#00f77f\"><strong>Identifica el desgaste laboral:<\/strong><\/p>\n\n\n\n<p class=\"has-white-color has-text-color\">Identificar el desgaste laboral es el primer paso hacia la preservaci\u00f3n de la salud mental y el rendimiento sostenible en el trabajo. Algunas se\u00f1ales reveladoras incluyen la fatiga persistente, la falta de motivaci\u00f3n y cambios en el rendimiento laboral. Observar patrones de agotamiento emocional, f\u00edsico y mental puede ayudar a reconocer a tiempo cuando la carga laboral excesiva est\u00e1 afectando la calidad de vida. La disminuci\u00f3n de la satisfacci\u00f3n en el trabajo y la aparici\u00f3n de s\u00edntomas f\u00edsicos y emocionales son indicadores clave. La autoevaluaci\u00f3n honesta y la atenci\u00f3n a las se\u00f1ales tempranas permiten abordar el desgaste antes de que impacte negativamente en el bienestar general y la productividad.<\/p>\n\n\n\n<p class=\"has-text-color\" style=\"color:#00f77f\"><strong>Factores contribuyentes:<\/strong><\/p>\n\n\n\n<p class=\"has-white-color has-text-color\">Los factores comunes que contribuyen al desgaste laboral, sueles ser la carga de trabajo excesiva, la falta de equilibrio entre vida laboral y personal, y la falta de reconocimiento. Entender estas fuentes es esencial para abordar el problema desde la ra\u00edz.<\/p>\n\n\n\n<p class=\"has-white-color has-text-color\">El desgaste laboral no surge de la nada; es el resultado de diversos factores que, cuando se combinan, pueden afectar negativamente la salud y el bienestar de los profesionales aqu\u00ed te compartimos cuatro factores clave:<\/p>\n\n\n\n<p class=\"has-text-color\" style=\"color:#00f77f\">1. Carga de trabajo excesiva:<\/p>\n\n\n\n<p class=\"has-white-color has-text-color\">La presi\u00f3n constante para cumplir con plazos ajustados y el aumento de la carga de trabajo pueden generar un estr\u00e9s significativo. Un exceso de responsabilidades sin el tiempo adecuado para cumplirlas es un factor crucial en el desgaste laboral.<\/p>\n\n\n\n<p class=\"has-text-color\" style=\"color:#00f77f\">2. Desequilibrio entre vida laboral y personal:<\/p>\n\n\n\n<p class=\"has-white-color has-text-color\">Cuando las demandas del trabajo invaden el tiempo personal, se crea un desequilibrio que puede llevar a la fatiga emocional y f\u00edsica. La falta de tiempo para el descanso y la recuperaci\u00f3n contribuye al agotamiento.<\/p>\n\n\n\n<p class=\"has-text-color\" style=\"color:#00f77f\">3. Falta de reconocimiento y recompensa:<\/p>\n\n\n\n<p class=\"has-white-color has-text-color\">La falta de reconocimiento por el arduo trabajo y los logros profesionales puede minar la motivaci\u00f3n y la satisfacci\u00f3n laboral. La ausencia de recompensas, ya sean financieras o de reconocimiento, puede afectar negativamente la moral y la dedicaci\u00f3n.<\/p>\n\n\n\n<p class=\"has-text-color\" style=\"color:#00f77f\">4. Ambiente laboral t\u00f3xico:<\/p>\n\n\n\n<p class=\"has-white-color has-text-color\">Un ambiente laboral poco saludable, caracterizado por la falta de apoyo, comunicaci\u00f3n deficiente o conflictos constantes, puede desgastar la salud mental y emocional de los empleados. La negatividad en el entorno de trabajo contribuye significativamente al desgaste.<\/p>\n\n\n\n<p class=\"has-text-color\" style=\"color:#00f77f\"><strong>Estrategias de Autocuidado<\/strong><\/p>\n\n\n\n<p class=\"has-white-color has-text-color\">El autocuidado emerge como un faro esencial para prevenir el desgaste. Implementar estrategias efectivas no solo protege la salud mental y f\u00edsica, sino que tambi\u00e9n fortalece la resiliencia ante las demandas del trabajo. Aqu\u00ed te presentamos tres estrategias clave de autocuidado:<\/p>\n\n\n\n<p class=\"has-text-color\" style=\"color:#00f77f\">1. Gesti\u00f3n del tiempo con prop\u00f3sito:<\/p>\n\n\n\n<p class=\"has-white-color has-text-color\">La gesti\u00f3n del tiempo es una herramienta poderosa para prevenir el desgaste. Identifica tareas prioritarias, establece l\u00edmites de tiempo realistas y dedica momentos espec\u00edficos para el descanso y la desconexi\u00f3n. La organizaci\u00f3n efectiva del tiempo no solo mejora la productividad, sino que tambi\u00e9n establece barreras saludables entre la vida laboral y personal.<\/p>\n\n\n\n<p class=\"has-text-color\" style=\"color:#00f77f\">2. Incorporaci\u00f3n de h\u00e1bitos de sue\u00f1o saludables:<\/p>\n\n\n\n<p class=\"has-white-color has-text-color\">El sue\u00f1o es la base del bienestar. Establece rutinas regulares de sue\u00f1o, crea un ambiente propicio para el descanso y limita la exposici\u00f3n a dispositivos electr\u00f3nicos antes de acostarse son estrategias cruciales. Un sue\u00f1o de calidad no solo revitaliza el cuerpo, sino que tambi\u00e9n afila la mente, prepar\u00e1ndola para enfrentar desaf\u00edos laborales con mayor claridad y resistencia.<\/p>\n\n\n\n<p class=\"has-text-color\" style=\"color:#00f77f\">3. Pr\u00e1cticas de mindfulness y relajaci\u00f3n:<\/p>\n\n\n\n<p class=\"has-white-color has-text-color\">La integraci\u00f3n de pr\u00e1cticas de mindfulness, como la meditaci\u00f3n y la respiraci\u00f3n consciente, act\u00faa como un b\u00e1lsamo para el estr\u00e9s laboral. Estas t\u00e9cnicas no solo ofrecen momentos de calma en medio de la agitaci\u00f3n, sino que tambi\u00e9n mejoran la capacidad para manejar la presi\u00f3n. Tomate breves pausas para la relajaci\u00f3n y contribuir\u00e1 significativamente a la resistencia emocional.<\/p>\n\n\n\n<p class=\"has-text-color\" style=\"color:#00f77f\"><strong>Fomenta una cultura organizacional saludable<\/strong><\/p>\n\n\n\n<p class=\"has-white-color has-text-color\">La cultura organizacional es el alma de una empresa, y una cultura saludable es fundamental para el bienestar y la prosperidad tanto de los empleados como de la organizaci\u00f3n en su conjunto. Te compartimos tres pr\u00e1cticas esenciales para cultivar este entorno de bienestar colectivo.<\/p>\n\n\n\n<p class=\"has-text-color\" style=\"color:#00f77f\">Promover la comunicaci\u00f3n abierta y transparente:<\/p>\n\n\n\n<p class=\"has-white-color has-text-color\">La base de una cultura organizacional saludable se cimienta en la comunicaci\u00f3n clara y abierta. Fomentar un ambiente donde los empleados se sientan libres de expresar ideas, preocupaciones y sugerencias crea un sentido de pertenencia y contribuci\u00f3n. Las reuniones regulares, canales de retroalimentaci\u00f3n y plataformas de comunicaci\u00f3n abierta nutren la confianza y fortalecen los lazos entre los miembros del equipo.<\/p>\n\n\n\n<p class=\"has-text-color\" style=\"color:#00f77f\">Equilibrar la vida laboral y personal:<\/p>\n\n\n\n<p class=\"has-white-color has-text-color\">Reconocer la importancia del equilibrio entre la vida laboral y personal no solo mejora la satisfacci\u00f3n de los empleados, sino que tambi\u00e9n aumenta la retenci\u00f3n del talento y la productividad. Fomentar pol\u00edticas que respalden horarios de trabajo flexibles, d\u00edas de descanso y vacaciones adecuadas es esencial. Adem\u00e1s, promover una cultura donde se valore la desconexi\u00f3n fuera del horario laboral contribuye a la salud mental y emocional de los empleados.<\/p>\n\n\n\n<p class=\"has-text-color\" style=\"color:#00f77f\">Incentivar el desarrollo profesional y personal:<\/p>\n\n\n\n<p class=\"has-white-color has-text-color\">El crecimiento continuo es un pilar fundamental de una cultura organizacional saludable. Facilitar oportunidades para el desarrollo profesional y personal, ya sea a trav\u00e9s de programas de capacitaci\u00f3n, mentor\u00edas o acceso a recursos educativos, demuestra un compromiso con el crecimiento individual y colectivo. Esto no solo eleva las habilidades de los empleados, sino que tambi\u00e9n refuerza la percepci\u00f3n de que la organizaci\u00f3n valora su progreso y bienestar a largo plazo.<\/p>\n\n\n\n<p class=\"has-white-color has-text-color\">Es vital recordar que la prevenci\u00f3n y el manejo del desgaste laboral no son solo responsabilidades individuales, sino un esfuerzo colectivo. Las organizaciones tienen el poder de cultivar ambientes laborales que prioricen el bienestar, reconociendo que empleados saludables son empleados m\u00e1s comprometidos y productivos.<\/p>\n\n\n\n<p class=\"has-white-color has-text-color\">Haz del desgaste laboral una batalla que ganas con estas estrategias efectivas. El camino hacia una cultura laboral resiliente y saludable es un viaje continuo, y cada paso que tomas hoy allana el camino hacia un ma\u00f1ana m\u00e1s productivo y satisfactorio para tu equipo y tu organizaci\u00f3n.<\/p>\n\n\n\n<p class=\"has-white-color has-text-color\"><strong>\u00bfNecesitas consultor\u00eda sobre el clima de tu organizaci\u00f3n? <\/strong><\/p>\n\n\n\n<p class=\"has-text-color\" style=\"color:#00f77f\"><strong><a href=\"https:\/\/talentovit.mx\">Comienza tu transformaci\u00f3n.<\/a><\/strong><\/p>\n\n\n\n<p><\/p>\n","protected":false},"excerpt":{"rendered":"<p>En el escenario laboral actual, el desgaste laboral se ha convertido en un desaf\u00edo propagado que afecta a profesionales de todos los sectores. La constante presi\u00f3n, las altas expectativas y la interconexi\u00f3n digital han contribuido al agotamiento, afectando negativamente tanto la salud f\u00edsica como la mental.  &hellip; <\/p>\n<p><span class=\"more-link\"><a href=\"https:\/\/talentovit.mx\/Blog\/desgaste-laboral\/\" class=\"readmore\">Seguir leyendo<span class=\"screen-reader-text\">Desgaste Laboral: C\u00f3mo preservar la salud en la traves\u00eda profesional<\/span><\/a><\/span><\/p>\n","protected":false},"author":2,"featured_media":375,"comment_status":"closed","ping_status":"closed","sticky":false,"template":"","format":"standard","meta":{"footnotes":""},"categories":[22,3,12,156,44,217],"tags":[245,154,244,107,29,7,63,155,5,93],"class_list":["post-357","post","type-post","status-publish","format-standard","has-post-thumbnail","hentry","category-clima-organizacional","category-contencion-emocional","category-liderazgo","category-negocios","category-recursos-humanos","category-talento","tag-agotamiento-laboral","tag-burnout","tag-desgaste-laboral","tag-headhunting","tag-home-office","tag-liderazgo","tag-productividad","tag-sindrome-de-burnout","tag-talento-vit","tag-trabajo-hibrido"],"yoast_head":"<!-- This site is optimized with the Yoast SEO plugin v27.4 - https:\/\/yoast.com\/product\/yoast-seo-wordpress\/ -->\n<title>C\u00f3mo preservar la salud en la traves\u00eda profesional<\/title>\n<meta name=\"description\" content=\"Lee nuestro art\u00edculo Desgaste Laboral: C\u00f3mo preservar la salud en la traves\u00eda profesional - Talento VIT\" \/>\n<meta name=\"robots\" content=\"index, follow, max-snippet:-1, max-image-preview:large, max-video-preview:-1\" \/>\n<link rel=\"canonical\" href=\"https:\/\/talentovit.mx\/Blog\/desgaste-laboral\/\" \/>\n<meta property=\"og:locale\" content=\"es_ES\" \/>\n<meta property=\"og:type\" content=\"article\" \/>\n<meta property=\"og:title\" content=\"C\u00f3mo preservar la salud en la traves\u00eda profesional\" \/>\n<meta property=\"og:description\" content=\"Lee nuestro art\u00edculo Desgaste Laboral: C\u00f3mo preservar la salud en la traves\u00eda profesional - Talento VIT\" \/>\n<meta property=\"og:url\" content=\"https:\/\/talentovit.mx\/Blog\/desgaste-laboral\/\" \/>\n<meta property=\"og:site_name\" content=\"Talento VIT\" \/>\n<meta property=\"article:published_time\" content=\"2024-03-18T06:43:00+00:00\" \/>\n<meta property=\"article:modified_time\" content=\"2024-09-24T22:45:45+00:00\" \/>\n<meta property=\"og:image\" content=\"https:\/\/talentovit.mx\/Blog\/wp-content\/uploads\/2024\/03\/Prueba-1.1.jpg\" \/>\n\t<meta property=\"og:image:width\" content=\"901\" \/>\n\t<meta property=\"og:image:height\" content=\"501\" \/>\n\t<meta property=\"og:image:type\" content=\"image\/jpeg\" \/>\n<meta name=\"author\" content=\"Janin Gonzalez\" \/>\n<meta name=\"twitter:card\" content=\"summary_large_image\" \/>\n<meta name=\"twitter:label1\" content=\"Escrito por\" \/>\n\t<meta name=\"twitter:data1\" content=\"Janin Gonzalez\" \/>\n\t<meta name=\"twitter:label2\" content=\"Tiempo de lectura\" \/>\n\t<meta name=\"twitter:data2\" content=\"5 minutos\" \/>\n<script type=\"application\/ld+json\" class=\"yoast-schema-graph\">{\"@context\":\"https:\\\/\\\/schema.org\",\"@graph\":[{\"@type\":\"Article\",\"@id\":\"https:\\\/\\\/talentovit.mx\\\/Blog\\\/desgaste-laboral\\\/#article\",\"isPartOf\":{\"@id\":\"https:\\\/\\\/talentovit.mx\\\/Blog\\\/desgaste-laboral\\\/\"},\"author\":{\"name\":\"Janin Gonzalez\",\"@id\":\"https:\\\/\\\/talentovit.mx\\\/Blog\\\/#\\\/schema\\\/person\\\/414cc072e4197e56124a8552c0389cd0\"},\"headline\":\"Desgaste Laboral: C\u00f3mo preservar la salud en la traves\u00eda profesional\",\"datePublished\":\"2024-03-18T06:43:00+00:00\",\"dateModified\":\"2024-09-24T22:45:45+00:00\",\"mainEntityOfPage\":{\"@id\":\"https:\\\/\\\/talentovit.mx\\\/Blog\\\/desgaste-laboral\\\/\"},\"wordCount\":1122,\"publisher\":{\"@id\":\"https:\\\/\\\/talentovit.mx\\\/Blog\\\/#organization\"},\"image\":{\"@id\":\"https:\\\/\\\/talentovit.mx\\\/Blog\\\/desgaste-laboral\\\/#primaryimage\"},\"thumbnailUrl\":\"https:\\\/\\\/talentovit.mx\\\/Blog\\\/wp-content\\\/uploads\\\/2024\\\/03\\\/Prueba-1.1.jpg\",\"keywords\":[\"Agotamiento laboral\",\"burnout\",\"Desgaste laboral\",\"Headhunting\",\"Home Office\",\"liderazgo\",\"Productividad\",\"S\u00edndrome de burnout\",\"Talento VIT\",\"Trabajo H\u00edbrido\"],\"articleSection\":[\"Clima Organizacional\",\"Contenci\u00f3n Emocional\",\"Liderazgo\",\"Negocios\",\"Recursos Humanos\",\"Talento\"],\"inLanguage\":\"es\"},{\"@type\":\"WebPage\",\"@id\":\"https:\\\/\\\/talentovit.mx\\\/Blog\\\/desgaste-laboral\\\/\",\"url\":\"https:\\\/\\\/talentovit.mx\\\/Blog\\\/desgaste-laboral\\\/\",\"name\":\"C\u00f3mo preservar la salud en la traves\u00eda profesional\",\"isPartOf\":{\"@id\":\"https:\\\/\\\/talentovit.mx\\\/Blog\\\/#website\"},\"primaryImageOfPage\":{\"@id\":\"https:\\\/\\\/talentovit.mx\\\/Blog\\\/desgaste-laboral\\\/#primaryimage\"},\"image\":{\"@id\":\"https:\\\/\\\/talentovit.mx\\\/Blog\\\/desgaste-laboral\\\/#primaryimage\"},\"thumbnailUrl\":\"https:\\\/\\\/talentovit.mx\\\/Blog\\\/wp-content\\\/uploads\\\/2024\\\/03\\\/Prueba-1.1.jpg\",\"datePublished\":\"2024-03-18T06:43:00+00:00\",\"dateModified\":\"2024-09-24T22:45:45+00:00\",\"description\":\"Lee nuestro art\u00edculo Desgaste Laboral: C\u00f3mo preservar la salud en la traves\u00eda profesional - Talento VIT\",\"breadcrumb\":{\"@id\":\"https:\\\/\\\/talentovit.mx\\\/Blog\\\/desgaste-laboral\\\/#breadcrumb\"},\"inLanguage\":\"es\",\"potentialAction\":[{\"@type\":\"ReadAction\",\"target\":[\"https:\\\/\\\/talentovit.mx\\\/Blog\\\/desgaste-laboral\\\/\"]}]},{\"@type\":\"ImageObject\",\"inLanguage\":\"es\",\"@id\":\"https:\\\/\\\/talentovit.mx\\\/Blog\\\/desgaste-laboral\\\/#primaryimage\",\"url\":\"https:\\\/\\\/talentovit.mx\\\/Blog\\\/wp-content\\\/uploads\\\/2024\\\/03\\\/Prueba-1.1.jpg\",\"contentUrl\":\"https:\\\/\\\/talentovit.mx\\\/Blog\\\/wp-content\\\/uploads\\\/2024\\\/03\\\/Prueba-1.1.jpg\",\"width\":901,\"height\":501},{\"@type\":\"BreadcrumbList\",\"@id\":\"https:\\\/\\\/talentovit.mx\\\/Blog\\\/desgaste-laboral\\\/#breadcrumb\",\"itemListElement\":[{\"@type\":\"ListItem\",\"position\":1,\"name\":\"Portada\",\"item\":\"https:\\\/\\\/talentovit.mx\\\/Blog\\\/\"},{\"@type\":\"ListItem\",\"position\":2,\"name\":\"Desgaste Laboral: C\u00f3mo preservar la salud en la traves\u00eda profesional\"}]},{\"@type\":\"WebSite\",\"@id\":\"https:\\\/\\\/talentovit.mx\\\/Blog\\\/#website\",\"url\":\"https:\\\/\\\/talentovit.mx\\\/Blog\\\/\",\"name\":\"Talento VIT\",\"description\":\"\",\"publisher\":{\"@id\":\"https:\\\/\\\/talentovit.mx\\\/Blog\\\/#organization\"},\"potentialAction\":[{\"@type\":\"SearchAction\",\"target\":{\"@type\":\"EntryPoint\",\"urlTemplate\":\"https:\\\/\\\/talentovit.mx\\\/Blog\\\/?s={search_term_string}\"},\"query-input\":{\"@type\":\"PropertyValueSpecification\",\"valueRequired\":true,\"valueName\":\"search_term_string\"}}],\"inLanguage\":\"es\"},{\"@type\":\"Organization\",\"@id\":\"https:\\\/\\\/talentovit.mx\\\/Blog\\\/#organization\",\"name\":\"Talento VIT\",\"url\":\"https:\\\/\\\/talentovit.mx\\\/Blog\\\/\",\"logo\":{\"@type\":\"ImageObject\",\"inLanguage\":\"es\",\"@id\":\"https:\\\/\\\/talentovit.mx\\\/Blog\\\/#\\\/schema\\\/logo\\\/image\\\/\",\"url\":\"https:\\\/\\\/talentovit.mx\\\/Blog\\\/wp-content\\\/uploads\\\/2020\\\/07\\\/02.png\",\"contentUrl\":\"https:\\\/\\\/talentovit.mx\\\/Blog\\\/wp-content\\\/uploads\\\/2020\\\/07\\\/02.png\",\"width\":1261,\"height\":2172,\"caption\":\"Talento VIT\"},\"image\":{\"@id\":\"https:\\\/\\\/talentovit.mx\\\/Blog\\\/#\\\/schema\\\/logo\\\/image\\\/\"}},{\"@type\":\"Person\",\"@id\":\"https:\\\/\\\/talentovit.mx\\\/Blog\\\/#\\\/schema\\\/person\\\/414cc072e4197e56124a8552c0389cd0\",\"name\":\"Janin Gonzalez\",\"image\":{\"@type\":\"ImageObject\",\"inLanguage\":\"es\",\"@id\":\"https:\\\/\\\/secure.gravatar.com\\\/avatar\\\/7f289cfba40e818c32a1aa259bf1e698e6f934390a3ac0d95a0673ded52a8702?s=96&d=mm&r=g\",\"url\":\"https:\\\/\\\/secure.gravatar.com\\\/avatar\\\/7f289cfba40e818c32a1aa259bf1e698e6f934390a3ac0d95a0673ded52a8702?s=96&d=mm&r=g\",\"contentUrl\":\"https:\\\/\\\/secure.gravatar.com\\\/avatar\\\/7f289cfba40e818c32a1aa259bf1e698e6f934390a3ac0d95a0673ded52a8702?s=96&d=mm&r=g\",\"caption\":\"Janin Gonzalez\"},\"sameAs\":[\"https:\\\/\\\/talentovit.mx\"],\"url\":\"https:\\\/\\\/talentovit.mx\\\/Blog\\\/author\\\/mkt\\\/\"}]}<\/script>\n<!-- \/ Yoast SEO plugin. -->","yoast_head_json":{"title":"C\u00f3mo preservar la salud en la traves\u00eda profesional","description":"Lee nuestro art\u00edculo Desgaste Laboral: C\u00f3mo preservar la salud en la traves\u00eda profesional - Talento VIT","robots":{"index":"index","follow":"follow","max-snippet":"max-snippet:-1","max-image-preview":"max-image-preview:large","max-video-preview":"max-video-preview:-1"},"canonical":"https:\/\/talentovit.mx\/Blog\/desgaste-laboral\/","og_locale":"es_ES","og_type":"article","og_title":"C\u00f3mo preservar la salud en la traves\u00eda profesional","og_description":"Lee nuestro art\u00edculo Desgaste Laboral: C\u00f3mo preservar la salud en la traves\u00eda profesional - Talento VIT","og_url":"https:\/\/talentovit.mx\/Blog\/desgaste-laboral\/","og_site_name":"Talento VIT","article_published_time":"2024-03-18T06:43:00+00:00","article_modified_time":"2024-09-24T22:45:45+00:00","og_image":[{"width":901,"height":501,"url":"https:\/\/talentovit.mx\/Blog\/wp-content\/uploads\/2024\/03\/Prueba-1.1.jpg","type":"image\/jpeg"}],"author":"Janin Gonzalez","twitter_card":"summary_large_image","twitter_misc":{"Escrito por":"Janin Gonzalez","Tiempo de lectura":"5 minutos"},"schema":{"@context":"https:\/\/schema.org","@graph":[{"@type":"Article","@id":"https:\/\/talentovit.mx\/Blog\/desgaste-laboral\/#article","isPartOf":{"@id":"https:\/\/talentovit.mx\/Blog\/desgaste-laboral\/"},"author":{"name":"Janin Gonzalez","@id":"https:\/\/talentovit.mx\/Blog\/#\/schema\/person\/414cc072e4197e56124a8552c0389cd0"},"headline":"Desgaste Laboral: C\u00f3mo preservar la salud en la traves\u00eda profesional","datePublished":"2024-03-18T06:43:00+00:00","dateModified":"2024-09-24T22:45:45+00:00","mainEntityOfPage":{"@id":"https:\/\/talentovit.mx\/Blog\/desgaste-laboral\/"},"wordCount":1122,"publisher":{"@id":"https:\/\/talentovit.mx\/Blog\/#organization"},"image":{"@id":"https:\/\/talentovit.mx\/Blog\/desgaste-laboral\/#primaryimage"},"thumbnailUrl":"https:\/\/talentovit.mx\/Blog\/wp-content\/uploads\/2024\/03\/Prueba-1.1.jpg","keywords":["Agotamiento laboral","burnout","Desgaste laboral","Headhunting","Home Office","liderazgo","Productividad","S\u00edndrome de burnout","Talento VIT","Trabajo H\u00edbrido"],"articleSection":["Clima Organizacional","Contenci\u00f3n Emocional","Liderazgo","Negocios","Recursos Humanos","Talento"],"inLanguage":"es"},{"@type":"WebPage","@id":"https:\/\/talentovit.mx\/Blog\/desgaste-laboral\/","url":"https:\/\/talentovit.mx\/Blog\/desgaste-laboral\/","name":"C\u00f3mo preservar la salud en la traves\u00eda profesional","isPartOf":{"@id":"https:\/\/talentovit.mx\/Blog\/#website"},"primaryImageOfPage":{"@id":"https:\/\/talentovit.mx\/Blog\/desgaste-laboral\/#primaryimage"},"image":{"@id":"https:\/\/talentovit.mx\/Blog\/desgaste-laboral\/#primaryimage"},"thumbnailUrl":"https:\/\/talentovit.mx\/Blog\/wp-content\/uploads\/2024\/03\/Prueba-1.1.jpg","datePublished":"2024-03-18T06:43:00+00:00","dateModified":"2024-09-24T22:45:45+00:00","description":"Lee nuestro art\u00edculo Desgaste Laboral: C\u00f3mo preservar la salud en la traves\u00eda profesional - Talento VIT","breadcrumb":{"@id":"https:\/\/talentovit.mx\/Blog\/desgaste-laboral\/#breadcrumb"},"inLanguage":"es","potentialAction":[{"@type":"ReadAction","target":["https:\/\/talentovit.mx\/Blog\/desgaste-laboral\/"]}]},{"@type":"ImageObject","inLanguage":"es","@id":"https:\/\/talentovit.mx\/Blog\/desgaste-laboral\/#primaryimage","url":"https:\/\/talentovit.mx\/Blog\/wp-content\/uploads\/2024\/03\/Prueba-1.1.jpg","contentUrl":"https:\/\/talentovit.mx\/Blog\/wp-content\/uploads\/2024\/03\/Prueba-1.1.jpg","width":901,"height":501},{"@type":"BreadcrumbList","@id":"https:\/\/talentovit.mx\/Blog\/desgaste-laboral\/#breadcrumb","itemListElement":[{"@type":"ListItem","position":1,"name":"Portada","item":"https:\/\/talentovit.mx\/Blog\/"},{"@type":"ListItem","position":2,"name":"Desgaste Laboral: C\u00f3mo preservar la salud en la traves\u00eda profesional"}]},{"@type":"WebSite","@id":"https:\/\/talentovit.mx\/Blog\/#website","url":"https:\/\/talentovit.mx\/Blog\/","name":"Talento VIT","description":"","publisher":{"@id":"https:\/\/talentovit.mx\/Blog\/#organization"},"potentialAction":[{"@type":"SearchAction","target":{"@type":"EntryPoint","urlTemplate":"https:\/\/talentovit.mx\/Blog\/?s={search_term_string}"},"query-input":{"@type":"PropertyValueSpecification","valueRequired":true,"valueName":"search_term_string"}}],"inLanguage":"es"},{"@type":"Organization","@id":"https:\/\/talentovit.mx\/Blog\/#organization","name":"Talento VIT","url":"https:\/\/talentovit.mx\/Blog\/","logo":{"@type":"ImageObject","inLanguage":"es","@id":"https:\/\/talentovit.mx\/Blog\/#\/schema\/logo\/image\/","url":"https:\/\/talentovit.mx\/Blog\/wp-content\/uploads\/2020\/07\/02.png","contentUrl":"https:\/\/talentovit.mx\/Blog\/wp-content\/uploads\/2020\/07\/02.png","width":1261,"height":2172,"caption":"Talento VIT"},"image":{"@id":"https:\/\/talentovit.mx\/Blog\/#\/schema\/logo\/image\/"}},{"@type":"Person","@id":"https:\/\/talentovit.mx\/Blog\/#\/schema\/person\/414cc072e4197e56124a8552c0389cd0","name":"Janin Gonzalez","image":{"@type":"ImageObject","inLanguage":"es","@id":"https:\/\/secure.gravatar.com\/avatar\/7f289cfba40e818c32a1aa259bf1e698e6f934390a3ac0d95a0673ded52a8702?s=96&d=mm&r=g","url":"https:\/\/secure.gravatar.com\/avatar\/7f289cfba40e818c32a1aa259bf1e698e6f934390a3ac0d95a0673ded52a8702?s=96&d=mm&r=g","contentUrl":"https:\/\/secure.gravatar.com\/avatar\/7f289cfba40e818c32a1aa259bf1e698e6f934390a3ac0d95a0673ded52a8702?s=96&d=mm&r=g","caption":"Janin Gonzalez"},"sameAs":["https:\/\/talentovit.mx"],"url":"https:\/\/talentovit.mx\/Blog\/author\/mkt\/"}]}},"_links":{"self":[{"href":"https:\/\/talentovit.mx\/Blog\/wp-json\/wp\/v2\/posts\/357","targetHints":{"allow":["GET"]}}],"collection":[{"href":"https:\/\/talentovit.mx\/Blog\/wp-json\/wp\/v2\/posts"}],"about":[{"href":"https:\/\/talentovit.mx\/Blog\/wp-json\/wp\/v2\/types\/post"}],"author":[{"embeddable":true,"href":"https:\/\/talentovit.mx\/Blog\/wp-json\/wp\/v2\/users\/2"}],"replies":[{"embeddable":true,"href":"https:\/\/talentovit.mx\/Blog\/wp-json\/wp\/v2\/comments?post=357"}],"version-history":[{"count":3,"href":"https:\/\/talentovit.mx\/Blog\/wp-json\/wp\/v2\/posts\/357\/revisions"}],"predecessor-version":[{"id":367,"href":"https:\/\/talentovit.mx\/Blog\/wp-json\/wp\/v2\/posts\/357\/revisions\/367"}],"wp:featuredmedia":[{"embeddable":true,"href":"https:\/\/talentovit.mx\/Blog\/wp-json\/wp\/v2\/media\/375"}],"wp:attachment":[{"href":"https:\/\/talentovit.mx\/Blog\/wp-json\/wp\/v2\/media?parent=357"}],"wp:term":[{"taxonomy":"category","embeddable":true,"href":"https:\/\/talentovit.mx\/Blog\/wp-json\/wp\/v2\/categories?post=357"},{"taxonomy":"post_tag","embeddable":true,"href":"https:\/\/talentovit.mx\/Blog\/wp-json\/wp\/v2\/tags?post=357"}],"curies":[{"name":"wp","href":"https:\/\/api.w.org\/{rel}","templated":true}]}}