{"id":548,"date":"2025-06-06T18:33:38","date_gmt":"2025-06-07T00:33:38","guid":{"rendered":"https:\/\/talentovit.mx\/Blog\/?p=548"},"modified":"2025-06-05T10:43:41","modified_gmt":"2025-06-05T16:43:41","slug":"costo-oculto-de-una-mala-contratacion-directiva","status":"publish","type":"post","link":"https:\/\/talentovit.mx\/Blog\/costo-oculto-de-una-mala-contratacion-directiva\/","title":{"rendered":"El costo oculto de una mala contrataci\u00f3n en tu organizaci\u00f3n"},"content":{"rendered":"\n<p class=\"has-white-color has-text-color has-link-color wp-elements-ec84e0f4360ed4a611924a0f7f993afd\">Contratar a un l\u00edder incorrecto puede parecer solo un error de selecci\u00f3n, pero sus implicaciones van mucho m\u00e1s all\u00e1 del reemplazo de una vacante. Las malas contrataciones en niveles directivos y ejecutivos no solo representan un costo econ\u00f3mico, sino tambi\u00e9n un da\u00f1o estrat\u00e9gico: afectan la productividad, deterioran la cultura organizacional, debilitan la moral del equipo y, en muchos casos, generan una p\u00e9rdida de confianza interna y externa dif\u00edcil de recuperar.<\/p>\n\n\n\n<p class=\"has-white-color has-text-color has-link-color wp-elements-f0b160a97dc0b9a95660f85af521adfb\">En posiciones clave \u2014como gerencias, direcciones funcionales y roles ejecutivos\u2014 una mala decisi\u00f3n se amplifica. Puede impactar \u00e1reas completas, descarrilar proyectos estrat\u00e9gicos, y provocar la p\u00e9rdida de talento valioso o incluso clientes importantes.<\/p>\n\n\n\n<h1 class=\"wp-block-heading has-text-color has-link-color wp-elements-ca3ec4424b39740303674fd513073d27\" style=\"color:#ffbf00\"><strong>\u00bfTu organizaci\u00f3n est\u00e1 midiendo correctamente estos riesgos? <\/strong><\/h1>\n\n\n\n<p class=\"has-white-color has-text-color has-link-color wp-elements-bb9c2bec70e2e2e0a2df4f782ccc0717\">A continuaci\u00f3n, te explicamos los <strong>costos ocultos m\u00e1s cr\u00edticos<\/strong> de una contrataci\u00f3n fallida en liderazgo, que no siempre aparecen en un reporte financiero, pero afectan directamente el desempe\u00f1o del negocio.<\/p>\n\n\n\n<p class=\"has-white-color has-text-color has-link-color wp-elements-5df84586cd6e59f1b5dc7fb188ccd2a9\"><strong>1. P\u00e9rdida de tiempo y recursos operativos<\/strong><\/p>\n\n\n\n<p class=\"has-white-color has-text-color has-link-color wp-elements-5692a83eb5d2b31a21b423d513b34820\">El proceso para atraer, seleccionar, contratar e incorporar a un nuevo l\u00edder requiere semanas, a veces meses. Desde la elaboraci\u00f3n del perfil hasta el onboarding, involucra m\u00faltiples recursos internos: tiempo de RH, horas de entrevistas, coordinaci\u00f3n con diferentes \u00e1reas y una curva de integraci\u00f3n operativa.<\/p>\n\n\n\n<p class=\"has-white-color has-text-color has-link-color wp-elements-a0f0723eb96b6c85ab16fbbf29d38835\">Cuando la persona elegida no resulta adecuada, todo ese esfuerzo se pierde. Adem\u00e1s, reiniciar el proceso interrumpe la continuidad del \u00e1rea que deber\u00eda estar siendo liderada y ralentizar las decisiones clave para el negocio.<\/p>\n\n\n\n<p class=\"has-white-color has-text-color has-link-color wp-elements-565a6e5f636fb17e749ced8a3768df69\"><strong>Y lo m\u00e1s importante: el costo no es solo lo invertido, sino lo que no se logra por la ausencia de liderazgo en una posici\u00f3n estrat\u00e9gica.<\/strong><\/p>\n\n\n\n<p class=\"has-white-color has-text-color has-link-color wp-elements-65acaad4392e587fe8f9a5554f3efd61\"><em>Te resumimos un poco el Impacto:<\/em><\/p>\n\n\n\n<ul class=\"wp-block-list\">\n<li class=\"has-white-color has-text-color has-link-color wp-elements-5c8d94972b0edfe8d25a55f1c6f8ba4f\">Tiempo perdido por parte de RH, direcci\u00f3n y equipos involucrados.<\/li>\n\n\n\n<li class=\"has-white-color has-text-color has-link-color wp-elements-1e3d61e05c355ecae6fcbe2330d76ef4\">Costos asociados a headhunting, evaluaciones, entrevistas y onboarding.<\/li>\n\n\n\n<li class=\"has-white-color has-text-color has-link-color wp-elements-f2ea8adb746d9d8a65014e35ba1a27c4\">Interrupci\u00f3n en la continuidad operativa del \u00e1rea o unidad que lideraba.<\/li>\n<\/ul>\n\n\n\n<p class=\"has-white-color has-text-color has-link-color wp-elements-94aaff2b604c795c8326a149446a682a\"><strong>Clima y la motivaci\u00f3n del equipo<\/strong><\/p>\n\n\n\n<p class=\"has-white-color has-text-color has-link-color wp-elements-d66b6482c48b524a15f83d070471b2a3\">El liderazgo no solo es una funci\u00f3n operativa, es un componente emocional dentro de una organizaci\u00f3n. Un l\u00edder que no encaja, que carece de habilidades de gesti\u00f3n o que no tiene alineaci\u00f3n cultural, puede provocar tensiones internas, desconfianza y desmotivaci\u00f3n.<\/p>\n\n\n\n<p class=\"has-white-color has-text-color has-link-color wp-elements-fc8bce1ad0b1abe3d0c62577088c5189\">Los equipos necesitan direcci\u00f3n, consistencia y una figura que inspire y represente la visi\u00f3n de la empresa. Cuando eso falla, el impacto es inmediato: se reduce la colaboraci\u00f3n, baja la productividad y empieza a desgastarse el compromiso.<\/p>\n\n\n\n<p class=\"has-white-color has-text-color has-link-color wp-elements-fca1b83562df8778107a3d18b957664d\">En el mediano plazo, ese deterioro se traduce en rotaci\u00f3n voluntaria, p\u00e9rdida de talentos clave y un entorno de trabajo t\u00f3xico dif\u00edcil de revertir.<\/p>\n\n\n\n<p class=\"has-white-color has-text-color has-link-color wp-elements-ae9c80e9246e9ade897e4106b9bbfbad\"><strong>3. P\u00e9rdida de talento clave<\/strong><\/p>\n\n\n\n<p class=\"has-white-color has-text-color has-link-color wp-elements-711a34ef51c9d18ab0700402a5b1d9c9\">Uno de los efectos m\u00e1s graves \u2014y m\u00e1s silenciosos\u2014 de una mala contrataci\u00f3n es la p\u00e9rdida del talento que ya tienes.<br>Cuando el liderazgo falla, los primeros en irse suelen ser los mejores: profesionales con potencial, visi\u00f3n cr\u00edtica y est\u00e1ndares altos, que no est\u00e1n dispuestos a tolerar una gesti\u00f3n deficiente.<\/p>\n\n\n\n<p class=\"has-white-color has-text-color has-link-color wp-elements-f80b3e895043a6f7080e59214fa38534\"><em>Alerta:<\/em><\/p>\n\n\n\n<ul class=\"wp-block-list\">\n<li class=\"has-white-color has-text-color has-link-color wp-elements-51c343e96178c9216f0c7b6d539b6a2c\">P\u00e9rdida de colaboradores con alto desempe\u00f1o.<\/li>\n\n\n\n<li class=\"has-white-color has-text-color has-link-color wp-elements-1db922215c656f33b6802eb263c42dba\">Dificultad para retener o promover el talento interno.<\/li>\n\n\n\n<li class=\"has-white-color has-text-color has-link-color wp-elements-4624137e6a42b00c94686b25472ac95d\">Reputaci\u00f3n interna da\u00f1ada.<\/li>\n<\/ul>\n\n\n\n<p class=\"has-white-color has-text-color has-link-color wp-elements-af2592f86703fc16721293b9f386927b\"><strong>4. Da\u00f1o a la reputaci\u00f3n de la empresa<\/strong><\/p>\n\n\n\n<p class=\"has-white-color has-text-color has-link-color wp-elements-5ccad3c4521fb21947198efc8afbd633\">Los l\u00edderes no solo gestionan hacia adentro. Tambi\u00e9n representa a la empresa frente a clientes, socios, stakeholders e incluso frente al mercado laboral. Una figura mal posicionada, poco profesional o sin visi\u00f3n estrat\u00e9gica puede da\u00f1ar la imagen de la organizaci\u00f3n en todos estos frentes.<\/p>\n\n\n\n<p class=\"has-white-color has-text-color has-link-color wp-elements-09d8a0e604a7a370cc84ab76f041d133\">Desde un mal manejo de crisis hasta la p\u00e9rdida de una cuenta importante o comentarios negativos en plataformas p\u00fablicas,<a href=\"https:\/\/talentovit.mx\/Blog\/liderazgo-efectivo-y-retencion-de-talento\/\"> los errores de un mal l\u00edder<\/a> pueden propagarse m\u00e1s all\u00e1 de los muros de la oficina. Adem\u00e1s, una empresa que cambia constantemente de l\u00edderes puede transmitir inseguridad y falta de rumbo.<\/p>\n\n\n\n<p class=\"has-white-color has-text-color has-link-color wp-elements-46160f6e3fb00cddfb1b8fca3eb18349\">Esto no solo ahuyenta al talento externo, sino que tambi\u00e9n disminuye la confianza del talento interno.<\/p>\n\n\n\n<p class=\"has-white-color has-text-color has-link-color wp-elements-ca91fcf81254cb63f0eb6d3027e2a311\"><strong>5. Resultados financieros afectados<\/strong><\/p>\n\n\n\n<p class=\"has-white-color has-text-color has-link-color wp-elements-4af29e2b2e314beb3389b32acdf71fe6\">Toda decisi\u00f3n ejecutiva tiene un impacto econ\u00f3mico. Una contrataci\u00f3n fallida puede significar p\u00e9rdidas por malas decisiones, estancamiento en proyectos, desalineaci\u00f3n de recursos o falta de ejecuci\u00f3n. Adem\u00e1s, al necesitar rehacer el proceso, se incurre en nuevos costos de b\u00fasqueda, capacitaci\u00f3n e integraci\u00f3n.<\/p>\n\n\n\n<p class=\"has-white-color has-text-color has-link-color wp-elements-974d7a2b0ebb92bcc63284ad2452d383\"><em>Cifras estimadas:<\/em><br><em>Seg\u00fan<a href=\"https:\/\/hbr.org\/\"> Harvard Business Review<\/a>, una mala contrataci\u00f3n en un puesto directivo puede costar entre 3 a 5 veces el salario anual del ejecutivo, considerando p\u00e9rdidas tangibles e intangibles.<\/em><\/p>\n\n\n\n<h2 class=\"wp-block-heading has-white-color has-text-color has-link-color wp-elements-46ab6ab99ce9c43a230e0312a96d5e27\"><strong>\u00bfC\u00f3mo evitar estos errores?<\/strong><\/h2>\n\n\n\n<p class=\"has-white-color has-text-color has-link-color wp-elements-3acaaa34fc5f54e3bb1b26a9d32eb20c\">La clave est\u00e1 en profesionalizar el proceso de selecci\u00f3n. Para puestos directivos o ejecutivos, <strong>no basta con revisar un buen curr\u00edculum<\/strong> o una entrevista agradable.<\/p>\n\n\n\n<p class=\"has-white-color has-text-color has-link-color wp-elements-5d0eac7d4b0426a5856dea05592a0331\">Recomendaciones <em>clave:<\/em><\/p>\n\n\n\n<ul class=\"wp-block-list\">\n<li class=\"has-white-color has-text-color has-link-color wp-elements-ad39eb71765957f938b584653cb88564\"><a href=\"https:\/\/talentovit.mx\/Blog\/indicadores-clave-de-reclutamiento\/\">Evaluar afinidad cultural y liderazgo, no solo experiencia t\u00e9cnica.<\/a><\/li>\n\n\n\n<li class=\"has-white-color has-text-color has-link-color wp-elements-b0feaf5b0428d29405e9e69a5bd1aba1\">Utilizar entrevistas por competencias, pruebas de liderazgo y validaciones 360.<\/li>\n\n\n\n<li class=\"has-white-color has-text-color has-link-color wp-elements-c442c00974ac3d71dd4a7c5549870e81\">Trabaje con un socio experto en headhunting que entienda el perfil que realmente necesita su organizaci\u00f3n.<\/li>\n<\/ul>\n\n\n\n<p class=\"has-white-color has-text-color has-link-color wp-elements-e8a497cf49d5cf5994b23c7d06829131\"><strong>Una mala contrataci\u00f3n es m\u00e1s costosa de lo que parece<\/strong><\/p>\n\n\n\n<p class=\"has-white-color has-text-color has-link-color wp-elements-17c7209bcf4f8422a9ffc6a613c7a31e\">No se trata solo de cubrir una vacante. Se trata de asegurar que quien entre a liderar lo haga con visi\u00f3n, alineado a tu cultura y con la capacidad de generar resultados reales.<\/p>\n\n\n\n<p class=\"has-text-color has-link-color wp-elements-f5f4500fb384a23346ee9a5c085eef21\" style=\"color:#ffbf00\"><strong>Evitar una mala contrataci\u00f3n es mucho m\u00e1s econ\u00f3mica \u2014y estrat\u00e9gica\u2014 que corregirla.<\/strong><\/p>\n\n\n\n<p class=\"has-white-color has-text-color has-link-color wp-elements-7587645700388722c96ed29333c428f9\"><strong>\u00bfQuieres evitar riesgos y contratar l\u00edderes que realmente generen impacto?<\/strong><br>En <strong>Talento VIT<\/strong> , identificamos y evaluamos talento ejecutivo con procesos especializados que garantizan afinidad, visi\u00f3n estrat\u00e9gica y resultados.<\/p>\n\n\n\n<p class=\"has-white-color has-text-color has-link-color wp-elements-f735fefebd951d179edfdb1b2df06571\"><a href=\"https:\/\/talentovit.mx\/contacto\"><em>Cont\u00e1ctanos hoy y aseguramos juntos la contrataci\u00f3n correcta desde el principio.<\/em><br><\/a><a href=\"http:\/\/www.talentovit.mx\">www.talentovit.mx<\/a><\/p>\n\n\n\n<p><\/p>\n","protected":false},"excerpt":{"rendered":"<p>Una mala contrataci\u00f3n en niveles directivos no solo afecta resultados financieros, sino tambi\u00e9n clima organizacional, retenci\u00f3n de talento y crecimiento del negocio. En este blog te explicamos c\u00f3mo identificar estos costos ocultos y por qu\u00e9 contar con un proceso de selecci\u00f3n especializado puede evitar riesgos que no siempre se ven\u2026 pero que se sienten. &hellip; <\/p>\n<p><span class=\"more-link\"><a href=\"https:\/\/talentovit.mx\/Blog\/costo-oculto-de-una-mala-contratacion-directiva\/\" class=\"readmore\">Seguir leyendo<span class=\"screen-reader-text\">El costo oculto de una mala contrataci\u00f3n en tu organizaci\u00f3n<\/span><\/a><\/span><\/p>\n","protected":false},"author":4,"featured_media":566,"comment_status":"closed","ping_status":"closed","sticky":false,"template":"","format":"standard","meta":{"footnotes":""},"categories":[22,211,126,12,240,156,44,217,174,269],"tags":[173,318,321,322,131,46,319,320,130,176,5],"class_list":["post-548","post","type-post","status-publish","format-standard","has-post-thumbnail","hentry","category-clima-organizacional","category-entrevistas-laborales","category-headhunting","category-liderazgo","category-marca-empleadora","category-negocios","category-recursos-humanos","category-talento","category-talento-en-mexico","category-todo-para-reclutadores","tag-agencia-de-reclutamiento","tag-costo-oculto-de-una-mala-contratacion","tag-costos-de-busqueda-de-talento","tag-hedhunting-directivo","tag-malas-contrataciones","tag-onboarding","tag-perdida-del-talento","tag-reputacion-empresarial","tag-retencion-de-talento","tag-talento-en-mexico","tag-talento-vit"],"yoast_head":"<!-- This site is optimized with the Yoast SEO plugin v27.4 - https:\/\/yoast.com\/product\/yoast-seo-wordpress\/ -->\n<title>El costo oculto de una mala contrataci\u00f3n en tu organizaci\u00f3n - Talento VIT<\/title>\n<meta name=\"description\" content=\"Descubre los verdaderos costos de una mala contrataci\u00f3n directiva: impacto en cultura, resultados, rotaci\u00f3n y reputaci\u00f3n.\" \/>\n<meta name=\"robots\" content=\"index, follow, max-snippet:-1, max-image-preview:large, max-video-preview:-1\" \/>\n<link rel=\"canonical\" href=\"https:\/\/talentovit.mx\/Blog\/costo-oculto-de-una-mala-contratacion-directiva\/\" \/>\n<meta property=\"og:locale\" content=\"es_ES\" \/>\n<meta property=\"og:type\" content=\"article\" \/>\n<meta property=\"og:title\" content=\"El costo oculto de una mala contrataci\u00f3n en tu organizaci\u00f3n - Talento VIT\" \/>\n<meta property=\"og:description\" content=\"Descubre los verdaderos costos de una mala contrataci\u00f3n directiva: impacto en cultura, resultados, rotaci\u00f3n y reputaci\u00f3n.\" \/>\n<meta property=\"og:url\" content=\"https:\/\/talentovit.mx\/Blog\/costo-oculto-de-una-mala-contratacion-directiva\/\" \/>\n<meta property=\"og:site_name\" content=\"Talento VIT\" \/>\n<meta property=\"article:published_time\" content=\"2025-06-07T00:33:38+00:00\" \/>\n<meta property=\"og:image\" content=\"https:\/\/talentovit.mx\/Blog\/wp-content\/uploads\/2025\/06\/Talento-VIT-Blog-Costo-Oculto-1.png\" \/>\n\t<meta property=\"og:image:width\" content=\"901\" \/>\n\t<meta property=\"og:image:height\" content=\"501\" \/>\n\t<meta property=\"og:image:type\" content=\"image\/png\" \/>\n<meta name=\"author\" content=\"Janin Gonzalez\" \/>\n<meta name=\"twitter:card\" content=\"summary_large_image\" \/>\n<meta name=\"twitter:label1\" content=\"Escrito por\" \/>\n\t<meta name=\"twitter:data1\" content=\"Janin Gonzalez\" \/>\n\t<meta name=\"twitter:label2\" content=\"Tiempo de lectura\" \/>\n\t<meta name=\"twitter:data2\" content=\"4 minutos\" \/>\n<script type=\"application\/ld+json\" class=\"yoast-schema-graph\">{\"@context\":\"https:\\\/\\\/schema.org\",\"@graph\":[{\"@type\":\"Article\",\"@id\":\"https:\\\/\\\/talentovit.mx\\\/Blog\\\/costo-oculto-de-una-mala-contratacion-directiva\\\/#article\",\"isPartOf\":{\"@id\":\"https:\\\/\\\/talentovit.mx\\\/Blog\\\/costo-oculto-de-una-mala-contratacion-directiva\\\/\"},\"author\":{\"name\":\"Janin Gonzalez\",\"@id\":\"https:\\\/\\\/talentovit.mx\\\/Blog\\\/#\\\/schema\\\/person\\\/c15a8feb970efaa528142a505cfd928f\"},\"headline\":\"El costo oculto de una mala contrataci\u00f3n en tu organizaci\u00f3n\",\"datePublished\":\"2025-06-07T00:33:38+00:00\",\"mainEntityOfPage\":{\"@id\":\"https:\\\/\\\/talentovit.mx\\\/Blog\\\/costo-oculto-de-una-mala-contratacion-directiva\\\/\"},\"wordCount\":933,\"publisher\":{\"@id\":\"https:\\\/\\\/talentovit.mx\\\/Blog\\\/#organization\"},\"image\":{\"@id\":\"https:\\\/\\\/talentovit.mx\\\/Blog\\\/costo-oculto-de-una-mala-contratacion-directiva\\\/#primaryimage\"},\"thumbnailUrl\":\"https:\\\/\\\/talentovit.mx\\\/Blog\\\/wp-content\\\/uploads\\\/2025\\\/06\\\/Talento-VIT-Blog-Costo-Oculto-1.png\",\"keywords\":[\"Agencia de reclutamiento\",\"costo oculto de una mala contrataci\u00f3n\",\"Costos de b\u00fasqueda de talento\",\"Hedhunting directivo\",\"Malas contrataciones\",\"Onboarding\",\"p\u00e9rdida del talento\",\"Reputaci\u00f3n empresarial\",\"Retenci\u00f3n de talento\",\"Talento en M\u00e9xico\",\"Talento VIT\"],\"articleSection\":[\"Clima Organizacional\",\"Entrevistas laborales\",\"Headhunting\",\"Liderazgo\",\"Marca empleadora\",\"Negocios\",\"Recursos Humanos\",\"Talento\",\"Talento en M\u00e9xico\",\"Todo para reclutadores\"],\"inLanguage\":\"es\"},{\"@type\":\"WebPage\",\"@id\":\"https:\\\/\\\/talentovit.mx\\\/Blog\\\/costo-oculto-de-una-mala-contratacion-directiva\\\/\",\"url\":\"https:\\\/\\\/talentovit.mx\\\/Blog\\\/costo-oculto-de-una-mala-contratacion-directiva\\\/\",\"name\":\"El costo oculto de una mala contrataci\u00f3n en tu organizaci\u00f3n - Talento VIT\",\"isPartOf\":{\"@id\":\"https:\\\/\\\/talentovit.mx\\\/Blog\\\/#website\"},\"primaryImageOfPage\":{\"@id\":\"https:\\\/\\\/talentovit.mx\\\/Blog\\\/costo-oculto-de-una-mala-contratacion-directiva\\\/#primaryimage\"},\"image\":{\"@id\":\"https:\\\/\\\/talentovit.mx\\\/Blog\\\/costo-oculto-de-una-mala-contratacion-directiva\\\/#primaryimage\"},\"thumbnailUrl\":\"https:\\\/\\\/talentovit.mx\\\/Blog\\\/wp-content\\\/uploads\\\/2025\\\/06\\\/Talento-VIT-Blog-Costo-Oculto-1.png\",\"datePublished\":\"2025-06-07T00:33:38+00:00\",\"description\":\"Descubre los verdaderos costos de una mala contrataci\u00f3n directiva: impacto en cultura, resultados, rotaci\u00f3n y reputaci\u00f3n.\",\"breadcrumb\":{\"@id\":\"https:\\\/\\\/talentovit.mx\\\/Blog\\\/costo-oculto-de-una-mala-contratacion-directiva\\\/#breadcrumb\"},\"inLanguage\":\"es\",\"potentialAction\":[{\"@type\":\"ReadAction\",\"target\":[\"https:\\\/\\\/talentovit.mx\\\/Blog\\\/costo-oculto-de-una-mala-contratacion-directiva\\\/\"]}]},{\"@type\":\"ImageObject\",\"inLanguage\":\"es\",\"@id\":\"https:\\\/\\\/talentovit.mx\\\/Blog\\\/costo-oculto-de-una-mala-contratacion-directiva\\\/#primaryimage\",\"url\":\"https:\\\/\\\/talentovit.mx\\\/Blog\\\/wp-content\\\/uploads\\\/2025\\\/06\\\/Talento-VIT-Blog-Costo-Oculto-1.png\",\"contentUrl\":\"https:\\\/\\\/talentovit.mx\\\/Blog\\\/wp-content\\\/uploads\\\/2025\\\/06\\\/Talento-VIT-Blog-Costo-Oculto-1.png\",\"width\":901,\"height\":501},{\"@type\":\"BreadcrumbList\",\"@id\":\"https:\\\/\\\/talentovit.mx\\\/Blog\\\/costo-oculto-de-una-mala-contratacion-directiva\\\/#breadcrumb\",\"itemListElement\":[{\"@type\":\"ListItem\",\"position\":1,\"name\":\"Portada\",\"item\":\"https:\\\/\\\/talentovit.mx\\\/Blog\\\/\"},{\"@type\":\"ListItem\",\"position\":2,\"name\":\"El costo oculto de una mala contrataci\u00f3n en tu organizaci\u00f3n\"}]},{\"@type\":\"WebSite\",\"@id\":\"https:\\\/\\\/talentovit.mx\\\/Blog\\\/#website\",\"url\":\"https:\\\/\\\/talentovit.mx\\\/Blog\\\/\",\"name\":\"Talento VIT\",\"description\":\"\",\"publisher\":{\"@id\":\"https:\\\/\\\/talentovit.mx\\\/Blog\\\/#organization\"},\"potentialAction\":[{\"@type\":\"SearchAction\",\"target\":{\"@type\":\"EntryPoint\",\"urlTemplate\":\"https:\\\/\\\/talentovit.mx\\\/Blog\\\/?s={search_term_string}\"},\"query-input\":{\"@type\":\"PropertyValueSpecification\",\"valueRequired\":true,\"valueName\":\"search_term_string\"}}],\"inLanguage\":\"es\"},{\"@type\":\"Organization\",\"@id\":\"https:\\\/\\\/talentovit.mx\\\/Blog\\\/#organization\",\"name\":\"Talento VIT\",\"url\":\"https:\\\/\\\/talentovit.mx\\\/Blog\\\/\",\"logo\":{\"@type\":\"ImageObject\",\"inLanguage\":\"es\",\"@id\":\"https:\\\/\\\/talentovit.mx\\\/Blog\\\/#\\\/schema\\\/logo\\\/image\\\/\",\"url\":\"https:\\\/\\\/talentovit.mx\\\/Blog\\\/wp-content\\\/uploads\\\/2020\\\/07\\\/02.png\",\"contentUrl\":\"https:\\\/\\\/talentovit.mx\\\/Blog\\\/wp-content\\\/uploads\\\/2020\\\/07\\\/02.png\",\"width\":1261,\"height\":2172,\"caption\":\"Talento VIT\"},\"image\":{\"@id\":\"https:\\\/\\\/talentovit.mx\\\/Blog\\\/#\\\/schema\\\/logo\\\/image\\\/\"}},{\"@type\":\"Person\",\"@id\":\"https:\\\/\\\/talentovit.mx\\\/Blog\\\/#\\\/schema\\\/person\\\/c15a8feb970efaa528142a505cfd928f\",\"name\":\"Janin Gonzalez\",\"image\":{\"@type\":\"ImageObject\",\"inLanguage\":\"es\",\"@id\":\"https:\\\/\\\/secure.gravatar.com\\\/avatar\\\/391a6654c2650e6d8a0cd9aa5011cf6571b91e8140e90128fb1d08a2510cb2b9?s=96&d=mm&r=g\",\"url\":\"https:\\\/\\\/secure.gravatar.com\\\/avatar\\\/391a6654c2650e6d8a0cd9aa5011cf6571b91e8140e90128fb1d08a2510cb2b9?s=96&d=mm&r=g\",\"contentUrl\":\"https:\\\/\\\/secure.gravatar.com\\\/avatar\\\/391a6654c2650e6d8a0cd9aa5011cf6571b91e8140e90128fb1d08a2510cb2b9?s=96&d=mm&r=g\",\"caption\":\"Janin Gonzalez\"},\"url\":\"https:\\\/\\\/talentovit.mx\\\/Blog\\\/author\\\/janin\\\/\"}]}<\/script>\n<!-- \/ Yoast SEO plugin. -->","yoast_head_json":{"title":"El costo oculto de una mala contrataci\u00f3n en tu organizaci\u00f3n - Talento VIT","description":"Descubre los verdaderos costos de una mala contrataci\u00f3n directiva: impacto en cultura, resultados, rotaci\u00f3n y reputaci\u00f3n.","robots":{"index":"index","follow":"follow","max-snippet":"max-snippet:-1","max-image-preview":"max-image-preview:large","max-video-preview":"max-video-preview:-1"},"canonical":"https:\/\/talentovit.mx\/Blog\/costo-oculto-de-una-mala-contratacion-directiva\/","og_locale":"es_ES","og_type":"article","og_title":"El costo oculto de una mala contrataci\u00f3n en tu organizaci\u00f3n - Talento VIT","og_description":"Descubre los verdaderos costos de una mala contrataci\u00f3n directiva: impacto en cultura, resultados, rotaci\u00f3n y reputaci\u00f3n.","og_url":"https:\/\/talentovit.mx\/Blog\/costo-oculto-de-una-mala-contratacion-directiva\/","og_site_name":"Talento VIT","article_published_time":"2025-06-07T00:33:38+00:00","og_image":[{"width":901,"height":501,"url":"https:\/\/talentovit.mx\/Blog\/wp-content\/uploads\/2025\/06\/Talento-VIT-Blog-Costo-Oculto-1.png","type":"image\/png"}],"author":"Janin Gonzalez","twitter_card":"summary_large_image","twitter_misc":{"Escrito por":"Janin Gonzalez","Tiempo de lectura":"4 minutos"},"schema":{"@context":"https:\/\/schema.org","@graph":[{"@type":"Article","@id":"https:\/\/talentovit.mx\/Blog\/costo-oculto-de-una-mala-contratacion-directiva\/#article","isPartOf":{"@id":"https:\/\/talentovit.mx\/Blog\/costo-oculto-de-una-mala-contratacion-directiva\/"},"author":{"name":"Janin Gonzalez","@id":"https:\/\/talentovit.mx\/Blog\/#\/schema\/person\/c15a8feb970efaa528142a505cfd928f"},"headline":"El costo oculto de una mala contrataci\u00f3n en tu organizaci\u00f3n","datePublished":"2025-06-07T00:33:38+00:00","mainEntityOfPage":{"@id":"https:\/\/talentovit.mx\/Blog\/costo-oculto-de-una-mala-contratacion-directiva\/"},"wordCount":933,"publisher":{"@id":"https:\/\/talentovit.mx\/Blog\/#organization"},"image":{"@id":"https:\/\/talentovit.mx\/Blog\/costo-oculto-de-una-mala-contratacion-directiva\/#primaryimage"},"thumbnailUrl":"https:\/\/talentovit.mx\/Blog\/wp-content\/uploads\/2025\/06\/Talento-VIT-Blog-Costo-Oculto-1.png","keywords":["Agencia de reclutamiento","costo oculto de una mala contrataci\u00f3n","Costos de b\u00fasqueda de talento","Hedhunting directivo","Malas contrataciones","Onboarding","p\u00e9rdida del talento","Reputaci\u00f3n empresarial","Retenci\u00f3n de talento","Talento en M\u00e9xico","Talento VIT"],"articleSection":["Clima Organizacional","Entrevistas laborales","Headhunting","Liderazgo","Marca empleadora","Negocios","Recursos Humanos","Talento","Talento en M\u00e9xico","Todo para reclutadores"],"inLanguage":"es"},{"@type":"WebPage","@id":"https:\/\/talentovit.mx\/Blog\/costo-oculto-de-una-mala-contratacion-directiva\/","url":"https:\/\/talentovit.mx\/Blog\/costo-oculto-de-una-mala-contratacion-directiva\/","name":"El costo oculto de una mala contrataci\u00f3n en tu organizaci\u00f3n - Talento VIT","isPartOf":{"@id":"https:\/\/talentovit.mx\/Blog\/#website"},"primaryImageOfPage":{"@id":"https:\/\/talentovit.mx\/Blog\/costo-oculto-de-una-mala-contratacion-directiva\/#primaryimage"},"image":{"@id":"https:\/\/talentovit.mx\/Blog\/costo-oculto-de-una-mala-contratacion-directiva\/#primaryimage"},"thumbnailUrl":"https:\/\/talentovit.mx\/Blog\/wp-content\/uploads\/2025\/06\/Talento-VIT-Blog-Costo-Oculto-1.png","datePublished":"2025-06-07T00:33:38+00:00","description":"Descubre los verdaderos costos de una mala contrataci\u00f3n directiva: impacto en cultura, resultados, rotaci\u00f3n y reputaci\u00f3n.","breadcrumb":{"@id":"https:\/\/talentovit.mx\/Blog\/costo-oculto-de-una-mala-contratacion-directiva\/#breadcrumb"},"inLanguage":"es","potentialAction":[{"@type":"ReadAction","target":["https:\/\/talentovit.mx\/Blog\/costo-oculto-de-una-mala-contratacion-directiva\/"]}]},{"@type":"ImageObject","inLanguage":"es","@id":"https:\/\/talentovit.mx\/Blog\/costo-oculto-de-una-mala-contratacion-directiva\/#primaryimage","url":"https:\/\/talentovit.mx\/Blog\/wp-content\/uploads\/2025\/06\/Talento-VIT-Blog-Costo-Oculto-1.png","contentUrl":"https:\/\/talentovit.mx\/Blog\/wp-content\/uploads\/2025\/06\/Talento-VIT-Blog-Costo-Oculto-1.png","width":901,"height":501},{"@type":"BreadcrumbList","@id":"https:\/\/talentovit.mx\/Blog\/costo-oculto-de-una-mala-contratacion-directiva\/#breadcrumb","itemListElement":[{"@type":"ListItem","position":1,"name":"Portada","item":"https:\/\/talentovit.mx\/Blog\/"},{"@type":"ListItem","position":2,"name":"El costo oculto de una mala contrataci\u00f3n en tu organizaci\u00f3n"}]},{"@type":"WebSite","@id":"https:\/\/talentovit.mx\/Blog\/#website","url":"https:\/\/talentovit.mx\/Blog\/","name":"Talento VIT","description":"","publisher":{"@id":"https:\/\/talentovit.mx\/Blog\/#organization"},"potentialAction":[{"@type":"SearchAction","target":{"@type":"EntryPoint","urlTemplate":"https:\/\/talentovit.mx\/Blog\/?s={search_term_string}"},"query-input":{"@type":"PropertyValueSpecification","valueRequired":true,"valueName":"search_term_string"}}],"inLanguage":"es"},{"@type":"Organization","@id":"https:\/\/talentovit.mx\/Blog\/#organization","name":"Talento VIT","url":"https:\/\/talentovit.mx\/Blog\/","logo":{"@type":"ImageObject","inLanguage":"es","@id":"https:\/\/talentovit.mx\/Blog\/#\/schema\/logo\/image\/","url":"https:\/\/talentovit.mx\/Blog\/wp-content\/uploads\/2020\/07\/02.png","contentUrl":"https:\/\/talentovit.mx\/Blog\/wp-content\/uploads\/2020\/07\/02.png","width":1261,"height":2172,"caption":"Talento VIT"},"image":{"@id":"https:\/\/talentovit.mx\/Blog\/#\/schema\/logo\/image\/"}},{"@type":"Person","@id":"https:\/\/talentovit.mx\/Blog\/#\/schema\/person\/c15a8feb970efaa528142a505cfd928f","name":"Janin Gonzalez","image":{"@type":"ImageObject","inLanguage":"es","@id":"https:\/\/secure.gravatar.com\/avatar\/391a6654c2650e6d8a0cd9aa5011cf6571b91e8140e90128fb1d08a2510cb2b9?s=96&d=mm&r=g","url":"https:\/\/secure.gravatar.com\/avatar\/391a6654c2650e6d8a0cd9aa5011cf6571b91e8140e90128fb1d08a2510cb2b9?s=96&d=mm&r=g","contentUrl":"https:\/\/secure.gravatar.com\/avatar\/391a6654c2650e6d8a0cd9aa5011cf6571b91e8140e90128fb1d08a2510cb2b9?s=96&d=mm&r=g","caption":"Janin Gonzalez"},"url":"https:\/\/talentovit.mx\/Blog\/author\/janin\/"}]}},"_links":{"self":[{"href":"https:\/\/talentovit.mx\/Blog\/wp-json\/wp\/v2\/posts\/548","targetHints":{"allow":["GET"]}}],"collection":[{"href":"https:\/\/talentovit.mx\/Blog\/wp-json\/wp\/v2\/posts"}],"about":[{"href":"https:\/\/talentovit.mx\/Blog\/wp-json\/wp\/v2\/types\/post"}],"author":[{"embeddable":true,"href":"https:\/\/talentovit.mx\/Blog\/wp-json\/wp\/v2\/users\/4"}],"replies":[{"embeddable":true,"href":"https:\/\/talentovit.mx\/Blog\/wp-json\/wp\/v2\/comments?post=548"}],"version-history":[{"count":3,"href":"https:\/\/talentovit.mx\/Blog\/wp-json\/wp\/v2\/posts\/548\/revisions"}],"predecessor-version":[{"id":569,"href":"https:\/\/talentovit.mx\/Blog\/wp-json\/wp\/v2\/posts\/548\/revisions\/569"}],"wp:featuredmedia":[{"embeddable":true,"href":"https:\/\/talentovit.mx\/Blog\/wp-json\/wp\/v2\/media\/566"}],"wp:attachment":[{"href":"https:\/\/talentovit.mx\/Blog\/wp-json\/wp\/v2\/media?parent=548"}],"wp:term":[{"taxonomy":"category","embeddable":true,"href":"https:\/\/talentovit.mx\/Blog\/wp-json\/wp\/v2\/categories?post=548"},{"taxonomy":"post_tag","embeddable":true,"href":"https:\/\/talentovit.mx\/Blog\/wp-json\/wp\/v2\/tags?post=548"}],"curies":[{"name":"wp","href":"https:\/\/api.w.org\/{rel}","templated":true}]}}