{"id":61,"date":"2020-07-15T18:23:14","date_gmt":"2020-07-15T18:23:14","guid":{"rendered":"https:\/\/talentovit.mx\/Blog\/?p=61"},"modified":"2024-09-24T16:49:53","modified_gmt":"2024-09-24T22:49:53","slug":"guia-de-contencion-emocional-para-equilibrar-la-productividad-de-tus-colaboradores","status":"publish","type":"post","link":"https:\/\/talentovit.mx\/Blog\/guia-de-contencion-emocional-para-equilibrar-la-productividad-de-tus-colaboradores\/","title":{"rendered":"Gu\u00eda de contenci\u00f3n emocional para equilibrar la productividad de tus colaboradores."},"content":{"rendered":"\n<p>La vida laboral al igual que la vida personal tiene cambios inesperados, cambios que no necesariamente dependen de nosotros y que pueden hacernos sentir desmotivados, improductivos, depresivos, ansiosos e inclusive afectados en salud. Por supuesto, todos estos factores impactan directamente la productividad en nuestro trabajo e inclusive el crecimiento y desarrollo de la empresa en la que colaboramos.<\/p>\n\n\n\n<p>Las emociones dentro del \u00e1rea profesional y personal juegan un papel fundamental, pues tienen un v\u00ednculo directo con la productividad y desempe\u00f1o de los empleados, particularmente, en un momento como el que se vive ahora a nivel mundial.<\/p>\n\n\n\n<p><strong>\u00bfC\u00f3mo puedes apoyar a tus colaboradores a desarrollar emociones positivas, que permitan que su estabilidad emocional y productividad se vean menos afectadas y que estas a su vez fortalezcan a tu empresa?<\/strong><\/p>\n\n\n\n<p>En esta gu\u00eda te compartimos 8 acciones que podr\u00e1n apoyarte en la contenci\u00f3n emocional de tus colaboradores y el fortalecimiento de su productividad.<\/p>\n\n\n\n<p><strong>1. Cuida a tus colaboradores:<\/strong>&nbsp;Manifiesta expl\u00edcitamente lo que est\u00e1 llevando a cabo la empresa para cuidar a cada uno de sus miembros, en \u00e9poca de crisis es cuando los trabajadores necesitan mayor contenci\u00f3n, sentirse cuidados y valorados por sus l\u00edderes y empresa.<\/p>\n\n\n\n<p><strong>2. Ayuda a tu equipo a identificar y canalizar sus emociones:&nbsp;<\/strong>Pregunta acerca de sus sentimientos y en caso de que alguien no pueda expresarlos, indica un listado de emociones, a continuaci\u00f3n, pregunta de d\u00f3nde surge la emoci\u00f3n; una vez identificada la emoci\u00f3n, valida tu entendimiento de esta y pregunta 3 acciones a realizar que lo apoyen a equilibrar su estado de \u00e1nimo.<\/p>\n\n\n\n<p><strong>3. Establece reuniones de feedback:<\/strong>&nbsp;Establecer reuniones de contenci\u00f3n para saber c\u00f3mo est\u00e1n viviendo los trabajadores la situaci\u00f3n, es muy importante, ya que te permite contar con un espacio para poder conversar y empatizar con los dem\u00e1s. Estas reuniones generar\u00e1n un efecto de catarsis y les permitir\u00e1 estar m\u00e1s relajados, saber que no est\u00e1n solos, generar\u00e1 un sentimiento de pertenencia y de contenci\u00f3n emocional.<\/p>\n\n\n\n<p><strong>4. Invol\u00facrate con cada miembro de tu equipo:<\/strong>&nbsp;Busca saber lo que ocurre en cada caso en particular, averigua si hay personas que se vean m\u00e1s afectadas. Es importante identificar en qu\u00e9 casos se requiere una atenci\u00f3n y apoyo de manera individual, pues habr\u00e1 personalidades que necesitan un espacio privado para poder expresar emociones y sentimientos respecto a lo que se est\u00e1 viviendo. En caso de requerir ayuda profesional brinda canales de apoyo; te compartimos algunas ligas que podr\u00edan ayudarte:<\/p>\n\n\n\n<p><a href=\"https:\/\/atencionpsicologicaadistanciaunam.com\/atencion-psicologica-telefonica\/\"><strong>Atenci\u00f3n psicol\u00f3gica UNAM<\/strong><\/a><\/p>\n\n\n\n<p><a href=\"http:\/\/www.saptel.org.mx\/que_es.html\"><strong>SAPTEL atenci\u00f3n psicol\u00f3gica<\/strong><\/a><\/p>\n\n\n\n<p><strong>5. S\u00e9 positivo:<\/strong>&nbsp;Mirar de una forma positiva la situaci\u00f3n y analizar qu\u00e9 nuevas oportunidades puede brindarnos, ayuda a crear nuevas formas de trabajo. Transformar creencias y pensamientos respecto a lo que pasa, nos permite generar cambios a nivel emocional y f\u00edsico; est\u00e1 comprobado que la qu\u00edmica de nuestro cerebro depende de emociones, percepciones y actitudes. As\u00ed que ser\u00eda excelente que pudi\u00e9ramos enlistar con nuestros colaboradores los efectos positivos de una situaci\u00f3n como esta.<\/p>\n\n\n\n<p><strong>6. Empatiza con tu equipo:<\/strong>&nbsp;Empatizar con la gente, es un proceso que requiere observaci\u00f3n y tener intenci\u00f3n de comprender los sentimientos y emociones de alguien m\u00e1s. De esta manera se obtiene claridad en las necesidades de los colaboradores, fortalece relaciones y niveles de confianza, resulta m\u00e1s f\u00e1cil generar acuerdos dando como resultado un mayor compromiso y colaboraci\u00f3n.<\/p>\n\n\n\n<p><strong>7. Practica la sinceridad:&nbsp;<\/strong>Relacionarte de una forma sincera, abierta y de confianza con tus colaboradores, te ayudar\u00e1 a encontrar una sinergia en la comunicaci\u00f3n con tu equipo. Eso dar\u00e1 como resultado un ambiente de trabajo relajado y reciproco, autonom\u00eda en cada miembro del equipo y un mayor enfoque en los resultados.<\/p>\n\n\n\n<p><strong>8. Exp\u00f3n tus emociones:<\/strong>&nbsp;Se transparente con lo que sientes y em\u00edtelo de la forma correcta con tu equipo, esto aportar\u00e1 mayor empat\u00eda y una vinculaci\u00f3n honesta y estrecha con tus colaboradores.<\/p>\n\n\n\n<p>Finalmente te recomendamos que generes protocolos de contenci\u00f3n en momentos de crisis y capacites a tu equipo para poder llevarlo a cabo en circunstancias como la que actualmente vivimos. En&nbsp;<a href=\"https:\/\/talentovit.mx\/index.html\" target=\"_blank\" rel=\"noreferrer noopener\"><strong>Talento VIT<\/strong><\/a>&nbsp;estamos seguros de que fortalecer la salud emocional de tus colaboradores te permitir\u00e1 trabajar de una forma m\u00e1s \u00e1gil, productiva y comprometida con todo tu equipo.<\/p>\n","protected":false},"excerpt":{"rendered":"<p>\u00bfC\u00f3mo puedes apoyar a tus colaboradores a desarrollar emociones positivas, que permitan que su estabilidad emocional y productividad se vean menos afectadas y que estas a su vez fortalezcan a tu empresa? &hellip; <\/p>\n<p><span class=\"more-link\"><a href=\"https:\/\/talentovit.mx\/Blog\/guia-de-contencion-emocional-para-equilibrar-la-productividad-de-tus-colaboradores\/\" class=\"readmore\">Seguir leyendo<span class=\"screen-reader-text\">Gu\u00eda de contenci\u00f3n emocional para equilibrar la productividad de tus colaboradores.<\/span><\/a><\/span><\/p>\n","protected":false},"author":2,"featured_media":80,"comment_status":"closed","ping_status":"closed","sticky":false,"template":"","format":"standard","meta":{"footnotes":""},"categories":[3],"tags":[6,4,7,5],"class_list":["post-61","post","type-post","status-publish","format-standard","has-post-thumbnail","hentry","category-contencion-emocional","tag-colaboradores","tag-contencion-emocional","tag-liderazgo","tag-talento-vit"],"yoast_head":"<!-- This site is optimized with the Yoast SEO plugin v27.4 - https:\/\/yoast.com\/product\/yoast-seo-wordpress\/ -->\n<title>Gu\u00eda de contenci\u00f3n emocional para equilibrar la productividad<\/title>\n<meta name=\"description\" content=\"Lee nuestro art\u00edculo Gu\u00eda de contenci\u00f3n emocional para equilibrar la productividad de tus colaboradores. - Talento VIT\" \/>\n<meta name=\"robots\" content=\"index, follow, max-snippet:-1, max-image-preview:large, max-video-preview:-1\" \/>\n<link rel=\"canonical\" href=\"https:\/\/talentovit.mx\/Blog\/guia-de-contencion-emocional-para-equilibrar-la-productividad-de-tus-colaboradores\/\" \/>\n<meta property=\"og:locale\" content=\"es_ES\" \/>\n<meta property=\"og:type\" content=\"article\" \/>\n<meta property=\"og:title\" content=\"Gu\u00eda de contenci\u00f3n emocional para equilibrar la productividad\" \/>\n<meta property=\"og:description\" content=\"Lee nuestro art\u00edculo Gu\u00eda de contenci\u00f3n emocional para equilibrar la productividad de tus colaboradores. - Talento VIT\" \/>\n<meta property=\"og:url\" content=\"https:\/\/talentovit.mx\/Blog\/guia-de-contencion-emocional-para-equilibrar-la-productividad-de-tus-colaboradores\/\" \/>\n<meta property=\"og:site_name\" content=\"Talento VIT\" \/>\n<meta property=\"article:published_time\" content=\"2020-07-15T18:23:14+00:00\" \/>\n<meta property=\"article:modified_time\" content=\"2024-09-24T22:49:53+00:00\" \/>\n<meta property=\"og:image\" content=\"https:\/\/talentovit.mx\/Blog\/wp-content\/uploads\/2020\/07\/Blog-VIT-2.png\" \/>\n\t<meta property=\"og:image:width\" content=\"2050\" \/>\n\t<meta property=\"og:image:height\" content=\"780\" \/>\n\t<meta property=\"og:image:type\" content=\"image\/png\" \/>\n<meta name=\"author\" content=\"Janin Gonzalez\" \/>\n<meta name=\"twitter:card\" content=\"summary_large_image\" \/>\n<meta name=\"twitter:label1\" content=\"Escrito por\" \/>\n\t<meta name=\"twitter:data1\" content=\"Janin Gonzalez\" \/>\n\t<meta name=\"twitter:label2\" content=\"Tiempo de lectura\" \/>\n\t<meta name=\"twitter:data2\" content=\"4 minutos\" \/>\n<script type=\"application\/ld+json\" class=\"yoast-schema-graph\">{\"@context\":\"https:\\\/\\\/schema.org\",\"@graph\":[{\"@type\":\"Article\",\"@id\":\"https:\\\/\\\/talentovit.mx\\\/Blog\\\/guia-de-contencion-emocional-para-equilibrar-la-productividad-de-tus-colaboradores\\\/#article\",\"isPartOf\":{\"@id\":\"https:\\\/\\\/talentovit.mx\\\/Blog\\\/guia-de-contencion-emocional-para-equilibrar-la-productividad-de-tus-colaboradores\\\/\"},\"author\":{\"name\":\"Janin Gonzalez\",\"@id\":\"https:\\\/\\\/talentovit.mx\\\/Blog\\\/#\\\/schema\\\/person\\\/414cc072e4197e56124a8552c0389cd0\"},\"headline\":\"Gu\u00eda de contenci\u00f3n emocional para equilibrar la productividad de tus colaboradores.\",\"datePublished\":\"2020-07-15T18:23:14+00:00\",\"dateModified\":\"2024-09-24T22:49:53+00:00\",\"mainEntityOfPage\":{\"@id\":\"https:\\\/\\\/talentovit.mx\\\/Blog\\\/guia-de-contencion-emocional-para-equilibrar-la-productividad-de-tus-colaboradores\\\/\"},\"wordCount\":744,\"publisher\":{\"@id\":\"https:\\\/\\\/talentovit.mx\\\/Blog\\\/#organization\"},\"image\":{\"@id\":\"https:\\\/\\\/talentovit.mx\\\/Blog\\\/guia-de-contencion-emocional-para-equilibrar-la-productividad-de-tus-colaboradores\\\/#primaryimage\"},\"thumbnailUrl\":\"https:\\\/\\\/talentovit.mx\\\/Blog\\\/wp-content\\\/uploads\\\/2020\\\/07\\\/Blog-VIT-2.png\",\"keywords\":[\"Colaboradores\",\"contenci\u00f3n emocional\",\"liderazgo\",\"Talento VIT\"],\"articleSection\":[\"Contenci\u00f3n Emocional\"],\"inLanguage\":\"es\"},{\"@type\":\"WebPage\",\"@id\":\"https:\\\/\\\/talentovit.mx\\\/Blog\\\/guia-de-contencion-emocional-para-equilibrar-la-productividad-de-tus-colaboradores\\\/\",\"url\":\"https:\\\/\\\/talentovit.mx\\\/Blog\\\/guia-de-contencion-emocional-para-equilibrar-la-productividad-de-tus-colaboradores\\\/\",\"name\":\"Gu\u00eda de contenci\u00f3n emocional para equilibrar la productividad\",\"isPartOf\":{\"@id\":\"https:\\\/\\\/talentovit.mx\\\/Blog\\\/#website\"},\"primaryImageOfPage\":{\"@id\":\"https:\\\/\\\/talentovit.mx\\\/Blog\\\/guia-de-contencion-emocional-para-equilibrar-la-productividad-de-tus-colaboradores\\\/#primaryimage\"},\"image\":{\"@id\":\"https:\\\/\\\/talentovit.mx\\\/Blog\\\/guia-de-contencion-emocional-para-equilibrar-la-productividad-de-tus-colaboradores\\\/#primaryimage\"},\"thumbnailUrl\":\"https:\\\/\\\/talentovit.mx\\\/Blog\\\/wp-content\\\/uploads\\\/2020\\\/07\\\/Blog-VIT-2.png\",\"datePublished\":\"2020-07-15T18:23:14+00:00\",\"dateModified\":\"2024-09-24T22:49:53+00:00\",\"description\":\"Lee nuestro art\u00edculo Gu\u00eda de contenci\u00f3n emocional para equilibrar la productividad de tus colaboradores. - Talento VIT\",\"breadcrumb\":{\"@id\":\"https:\\\/\\\/talentovit.mx\\\/Blog\\\/guia-de-contencion-emocional-para-equilibrar-la-productividad-de-tus-colaboradores\\\/#breadcrumb\"},\"inLanguage\":\"es\",\"potentialAction\":[{\"@type\":\"ReadAction\",\"target\":[\"https:\\\/\\\/talentovit.mx\\\/Blog\\\/guia-de-contencion-emocional-para-equilibrar-la-productividad-de-tus-colaboradores\\\/\"]}]},{\"@type\":\"ImageObject\",\"inLanguage\":\"es\",\"@id\":\"https:\\\/\\\/talentovit.mx\\\/Blog\\\/guia-de-contencion-emocional-para-equilibrar-la-productividad-de-tus-colaboradores\\\/#primaryimage\",\"url\":\"https:\\\/\\\/talentovit.mx\\\/Blog\\\/wp-content\\\/uploads\\\/2020\\\/07\\\/Blog-VIT-2.png\",\"contentUrl\":\"https:\\\/\\\/talentovit.mx\\\/Blog\\\/wp-content\\\/uploads\\\/2020\\\/07\\\/Blog-VIT-2.png\",\"width\":2050,\"height\":780},{\"@type\":\"BreadcrumbList\",\"@id\":\"https:\\\/\\\/talentovit.mx\\\/Blog\\\/guia-de-contencion-emocional-para-equilibrar-la-productividad-de-tus-colaboradores\\\/#breadcrumb\",\"itemListElement\":[{\"@type\":\"ListItem\",\"position\":1,\"name\":\"Portada\",\"item\":\"https:\\\/\\\/talentovit.mx\\\/Blog\\\/\"},{\"@type\":\"ListItem\",\"position\":2,\"name\":\"Gu\u00eda de contenci\u00f3n emocional para equilibrar la productividad de tus colaboradores.\"}]},{\"@type\":\"WebSite\",\"@id\":\"https:\\\/\\\/talentovit.mx\\\/Blog\\\/#website\",\"url\":\"https:\\\/\\\/talentovit.mx\\\/Blog\\\/\",\"name\":\"Talento VIT\",\"description\":\"\",\"publisher\":{\"@id\":\"https:\\\/\\\/talentovit.mx\\\/Blog\\\/#organization\"},\"potentialAction\":[{\"@type\":\"SearchAction\",\"target\":{\"@type\":\"EntryPoint\",\"urlTemplate\":\"https:\\\/\\\/talentovit.mx\\\/Blog\\\/?s={search_term_string}\"},\"query-input\":{\"@type\":\"PropertyValueSpecification\",\"valueRequired\":true,\"valueName\":\"search_term_string\"}}],\"inLanguage\":\"es\"},{\"@type\":\"Organization\",\"@id\":\"https:\\\/\\\/talentovit.mx\\\/Blog\\\/#organization\",\"name\":\"Talento VIT\",\"url\":\"https:\\\/\\\/talentovit.mx\\\/Blog\\\/\",\"logo\":{\"@type\":\"ImageObject\",\"inLanguage\":\"es\",\"@id\":\"https:\\\/\\\/talentovit.mx\\\/Blog\\\/#\\\/schema\\\/logo\\\/image\\\/\",\"url\":\"https:\\\/\\\/talentovit.mx\\\/Blog\\\/wp-content\\\/uploads\\\/2020\\\/07\\\/02.png\",\"contentUrl\":\"https:\\\/\\\/talentovit.mx\\\/Blog\\\/wp-content\\\/uploads\\\/2020\\\/07\\\/02.png\",\"width\":1261,\"height\":2172,\"caption\":\"Talento VIT\"},\"image\":{\"@id\":\"https:\\\/\\\/talentovit.mx\\\/Blog\\\/#\\\/schema\\\/logo\\\/image\\\/\"}},{\"@type\":\"Person\",\"@id\":\"https:\\\/\\\/talentovit.mx\\\/Blog\\\/#\\\/schema\\\/person\\\/414cc072e4197e56124a8552c0389cd0\",\"name\":\"Janin Gonzalez\",\"image\":{\"@type\":\"ImageObject\",\"inLanguage\":\"es\",\"@id\":\"https:\\\/\\\/secure.gravatar.com\\\/avatar\\\/7f289cfba40e818c32a1aa259bf1e698e6f934390a3ac0d95a0673ded52a8702?s=96&d=mm&r=g\",\"url\":\"https:\\\/\\\/secure.gravatar.com\\\/avatar\\\/7f289cfba40e818c32a1aa259bf1e698e6f934390a3ac0d95a0673ded52a8702?s=96&d=mm&r=g\",\"contentUrl\":\"https:\\\/\\\/secure.gravatar.com\\\/avatar\\\/7f289cfba40e818c32a1aa259bf1e698e6f934390a3ac0d95a0673ded52a8702?s=96&d=mm&r=g\",\"caption\":\"Janin Gonzalez\"},\"sameAs\":[\"https:\\\/\\\/talentovit.mx\"],\"url\":\"https:\\\/\\\/talentovit.mx\\\/Blog\\\/author\\\/mkt\\\/\"}]}<\/script>\n<!-- \/ Yoast SEO plugin. -->","yoast_head_json":{"title":"Gu\u00eda de contenci\u00f3n emocional para equilibrar la productividad","description":"Lee nuestro art\u00edculo Gu\u00eda de contenci\u00f3n emocional para equilibrar la productividad de tus colaboradores. - Talento VIT","robots":{"index":"index","follow":"follow","max-snippet":"max-snippet:-1","max-image-preview":"max-image-preview:large","max-video-preview":"max-video-preview:-1"},"canonical":"https:\/\/talentovit.mx\/Blog\/guia-de-contencion-emocional-para-equilibrar-la-productividad-de-tus-colaboradores\/","og_locale":"es_ES","og_type":"article","og_title":"Gu\u00eda de contenci\u00f3n emocional para equilibrar la productividad","og_description":"Lee nuestro art\u00edculo Gu\u00eda de contenci\u00f3n emocional para equilibrar la productividad de tus colaboradores. - Talento VIT","og_url":"https:\/\/talentovit.mx\/Blog\/guia-de-contencion-emocional-para-equilibrar-la-productividad-de-tus-colaboradores\/","og_site_name":"Talento VIT","article_published_time":"2020-07-15T18:23:14+00:00","article_modified_time":"2024-09-24T22:49:53+00:00","og_image":[{"width":2050,"height":780,"url":"https:\/\/talentovit.mx\/Blog\/wp-content\/uploads\/2020\/07\/Blog-VIT-2.png","type":"image\/png"}],"author":"Janin Gonzalez","twitter_card":"summary_large_image","twitter_misc":{"Escrito por":"Janin Gonzalez","Tiempo de lectura":"4 minutos"},"schema":{"@context":"https:\/\/schema.org","@graph":[{"@type":"Article","@id":"https:\/\/talentovit.mx\/Blog\/guia-de-contencion-emocional-para-equilibrar-la-productividad-de-tus-colaboradores\/#article","isPartOf":{"@id":"https:\/\/talentovit.mx\/Blog\/guia-de-contencion-emocional-para-equilibrar-la-productividad-de-tus-colaboradores\/"},"author":{"name":"Janin Gonzalez","@id":"https:\/\/talentovit.mx\/Blog\/#\/schema\/person\/414cc072e4197e56124a8552c0389cd0"},"headline":"Gu\u00eda de contenci\u00f3n emocional para equilibrar la productividad de tus colaboradores.","datePublished":"2020-07-15T18:23:14+00:00","dateModified":"2024-09-24T22:49:53+00:00","mainEntityOfPage":{"@id":"https:\/\/talentovit.mx\/Blog\/guia-de-contencion-emocional-para-equilibrar-la-productividad-de-tus-colaboradores\/"},"wordCount":744,"publisher":{"@id":"https:\/\/talentovit.mx\/Blog\/#organization"},"image":{"@id":"https:\/\/talentovit.mx\/Blog\/guia-de-contencion-emocional-para-equilibrar-la-productividad-de-tus-colaboradores\/#primaryimage"},"thumbnailUrl":"https:\/\/talentovit.mx\/Blog\/wp-content\/uploads\/2020\/07\/Blog-VIT-2.png","keywords":["Colaboradores","contenci\u00f3n emocional","liderazgo","Talento VIT"],"articleSection":["Contenci\u00f3n Emocional"],"inLanguage":"es"},{"@type":"WebPage","@id":"https:\/\/talentovit.mx\/Blog\/guia-de-contencion-emocional-para-equilibrar-la-productividad-de-tus-colaboradores\/","url":"https:\/\/talentovit.mx\/Blog\/guia-de-contencion-emocional-para-equilibrar-la-productividad-de-tus-colaboradores\/","name":"Gu\u00eda de contenci\u00f3n emocional para equilibrar la productividad","isPartOf":{"@id":"https:\/\/talentovit.mx\/Blog\/#website"},"primaryImageOfPage":{"@id":"https:\/\/talentovit.mx\/Blog\/guia-de-contencion-emocional-para-equilibrar-la-productividad-de-tus-colaboradores\/#primaryimage"},"image":{"@id":"https:\/\/talentovit.mx\/Blog\/guia-de-contencion-emocional-para-equilibrar-la-productividad-de-tus-colaboradores\/#primaryimage"},"thumbnailUrl":"https:\/\/talentovit.mx\/Blog\/wp-content\/uploads\/2020\/07\/Blog-VIT-2.png","datePublished":"2020-07-15T18:23:14+00:00","dateModified":"2024-09-24T22:49:53+00:00","description":"Lee nuestro art\u00edculo Gu\u00eda de contenci\u00f3n emocional para equilibrar la productividad de tus colaboradores. - Talento VIT","breadcrumb":{"@id":"https:\/\/talentovit.mx\/Blog\/guia-de-contencion-emocional-para-equilibrar-la-productividad-de-tus-colaboradores\/#breadcrumb"},"inLanguage":"es","potentialAction":[{"@type":"ReadAction","target":["https:\/\/talentovit.mx\/Blog\/guia-de-contencion-emocional-para-equilibrar-la-productividad-de-tus-colaboradores\/"]}]},{"@type":"ImageObject","inLanguage":"es","@id":"https:\/\/talentovit.mx\/Blog\/guia-de-contencion-emocional-para-equilibrar-la-productividad-de-tus-colaboradores\/#primaryimage","url":"https:\/\/talentovit.mx\/Blog\/wp-content\/uploads\/2020\/07\/Blog-VIT-2.png","contentUrl":"https:\/\/talentovit.mx\/Blog\/wp-content\/uploads\/2020\/07\/Blog-VIT-2.png","width":2050,"height":780},{"@type":"BreadcrumbList","@id":"https:\/\/talentovit.mx\/Blog\/guia-de-contencion-emocional-para-equilibrar-la-productividad-de-tus-colaboradores\/#breadcrumb","itemListElement":[{"@type":"ListItem","position":1,"name":"Portada","item":"https:\/\/talentovit.mx\/Blog\/"},{"@type":"ListItem","position":2,"name":"Gu\u00eda de contenci\u00f3n emocional para equilibrar la productividad de tus colaboradores."}]},{"@type":"WebSite","@id":"https:\/\/talentovit.mx\/Blog\/#website","url":"https:\/\/talentovit.mx\/Blog\/","name":"Talento VIT","description":"","publisher":{"@id":"https:\/\/talentovit.mx\/Blog\/#organization"},"potentialAction":[{"@type":"SearchAction","target":{"@type":"EntryPoint","urlTemplate":"https:\/\/talentovit.mx\/Blog\/?s={search_term_string}"},"query-input":{"@type":"PropertyValueSpecification","valueRequired":true,"valueName":"search_term_string"}}],"inLanguage":"es"},{"@type":"Organization","@id":"https:\/\/talentovit.mx\/Blog\/#organization","name":"Talento VIT","url":"https:\/\/talentovit.mx\/Blog\/","logo":{"@type":"ImageObject","inLanguage":"es","@id":"https:\/\/talentovit.mx\/Blog\/#\/schema\/logo\/image\/","url":"https:\/\/talentovit.mx\/Blog\/wp-content\/uploads\/2020\/07\/02.png","contentUrl":"https:\/\/talentovit.mx\/Blog\/wp-content\/uploads\/2020\/07\/02.png","width":1261,"height":2172,"caption":"Talento VIT"},"image":{"@id":"https:\/\/talentovit.mx\/Blog\/#\/schema\/logo\/image\/"}},{"@type":"Person","@id":"https:\/\/talentovit.mx\/Blog\/#\/schema\/person\/414cc072e4197e56124a8552c0389cd0","name":"Janin Gonzalez","image":{"@type":"ImageObject","inLanguage":"es","@id":"https:\/\/secure.gravatar.com\/avatar\/7f289cfba40e818c32a1aa259bf1e698e6f934390a3ac0d95a0673ded52a8702?s=96&d=mm&r=g","url":"https:\/\/secure.gravatar.com\/avatar\/7f289cfba40e818c32a1aa259bf1e698e6f934390a3ac0d95a0673ded52a8702?s=96&d=mm&r=g","contentUrl":"https:\/\/secure.gravatar.com\/avatar\/7f289cfba40e818c32a1aa259bf1e698e6f934390a3ac0d95a0673ded52a8702?s=96&d=mm&r=g","caption":"Janin Gonzalez"},"sameAs":["https:\/\/talentovit.mx"],"url":"https:\/\/talentovit.mx\/Blog\/author\/mkt\/"}]}},"_links":{"self":[{"href":"https:\/\/talentovit.mx\/Blog\/wp-json\/wp\/v2\/posts\/61","targetHints":{"allow":["GET"]}}],"collection":[{"href":"https:\/\/talentovit.mx\/Blog\/wp-json\/wp\/v2\/posts"}],"about":[{"href":"https:\/\/talentovit.mx\/Blog\/wp-json\/wp\/v2\/types\/post"}],"author":[{"embeddable":true,"href":"https:\/\/talentovit.mx\/Blog\/wp-json\/wp\/v2\/users\/2"}],"replies":[{"embeddable":true,"href":"https:\/\/talentovit.mx\/Blog\/wp-json\/wp\/v2\/comments?post=61"}],"version-history":[{"count":2,"href":"https:\/\/talentovit.mx\/Blog\/wp-json\/wp\/v2\/posts\/61\/revisions"}],"predecessor-version":[{"id":66,"href":"https:\/\/talentovit.mx\/Blog\/wp-json\/wp\/v2\/posts\/61\/revisions\/66"}],"wp:featuredmedia":[{"embeddable":true,"href":"https:\/\/talentovit.mx\/Blog\/wp-json\/wp\/v2\/media\/80"}],"wp:attachment":[{"href":"https:\/\/talentovit.mx\/Blog\/wp-json\/wp\/v2\/media?parent=61"}],"wp:term":[{"taxonomy":"category","embeddable":true,"href":"https:\/\/talentovit.mx\/Blog\/wp-json\/wp\/v2\/categories?post=61"},{"taxonomy":"post_tag","embeddable":true,"href":"https:\/\/talentovit.mx\/Blog\/wp-json\/wp\/v2\/tags?post=61"}],"curies":[{"name":"wp","href":"https:\/\/api.w.org\/{rel}","templated":true}]}}