{"id":67,"date":"2020-07-15T18:40:51","date_gmt":"2020-07-15T18:40:51","guid":{"rendered":"https:\/\/talentovit.mx\/Blog\/?p=67"},"modified":"2024-09-24T16:37:25","modified_gmt":"2024-09-24T22:37:25","slug":"como-contrarrestar-las-repercusiones-emocionales-del-trabajo-remoto-en-la-contingencia","status":"publish","type":"post","link":"https:\/\/talentovit.mx\/Blog\/como-contrarrestar-las-repercusiones-emocionales-del-trabajo-remoto-en-la-contingencia\/","title":{"rendered":"\u00bfC\u00f3mo contrarrestar las repercusiones emocionales del trabajo remoto en la contingencia?"},"content":{"rendered":"\n<p>Sin duda, uno de los mayores retos que enfrentan las empresas en estos momentos es saber de qu\u00e9 manera pueden apoyar a sus colaboradores a nivel emocional y generar en cada uno de ellos un trabajo eficiente.<\/p>\n\n\n\n<p>Para ello, hay que resaltar que la comunicaci\u00f3n juega un papel fundamental y ser\u00e1 el pilar que permita construir resultados para tu empresa. Es importante que hables de manera honesta con tu equipo, expongas cu\u00e1les son las expectativas que tienes respecto al trabajo y seas claro, preciso y oportuno.<\/p>\n\n\n\n<p>Construir los resultados no es un trabajo f\u00e1cil y menos en las circunstancias actuales, por lo que te brindamos algunas acciones que te ayudar\u00e1n a contrarrestar las repercusiones emocionales del home office en tiempos de contingencia:<\/p>\n\n\n\n<p>\u00b0 <strong>Respeta el horario laboral<\/strong>, sabemos que al estar en casa damos por hecho que existe una disponibilidad ilimitada, sin embargo, es importante marcar l\u00edmites y permitir que los colaboradores tengan oportunidad de distraerse de los pendientes que hay en el trabajo remoto. Adicionalmente esto permitir\u00e1 tener par\u00e1metros reales de los horarios establecidos y la eficiencia en los diferentes esquemas de trabajo.<\/p>\n\n\n\n<p>\u00b0<strong>Planea tareas semanales y de ser posible realiza revisiones diarias<\/strong>, esto permitir\u00e1 generar una sinergia y compromiso en el trabajo de tu equipo e identificar si hay que tomar alguna otra acci\u00f3n o estrategia a seguir. Recuerda que el trabajo remoto es una experiencia nueva en la mayor\u00eda de los casos y cada colaborador se adaptar\u00e1 de un modo distinto<\/p>\n\n\n\n<p>\u00b0<strong>Al iniciar una reuni\u00f3n con tu equipo perm\u00edtanse generar un nuevo estado mental <\/strong>para desarrollar la junta de una manera m\u00e1s efectiva. Tambi\u00e9n te sugerimos no tener juntas seguidas durante todo el d\u00eda, es importante que exista un espacio entre cada reuni\u00f3n para no saturarse de informaci\u00f3n y continuar con la productividad.<\/p>\n\n\n\n<p><a href=\"https:\/\/www.youtube.com\/watch?v=MgveciChvA0\"><strong>Meditaci\u00f3n guiada<\/strong><\/a><\/p>\n\n\n\n<p><a href=\"https:\/\/www.youtube.com\/watch?v=0eiQQL4cWIM\"><strong>Mindfulness<\/strong><\/a><\/p>\n\n\n\n<p>&nbsp;Utiliza t\u00e9cnicas de respiraci\u00f3n, respirar bien no solo permite relajarnos, tambi\u00e9n nos hace m\u00e1s conscientes del momento presente, lo cual, a su vez, puede incrementar la productividad y generar una mejor toma de decisiones.<\/p>\n\n\n\n<p><a href=\"https:\/\/www.youtube.com\/watch?v=PhhYvS0RjzI\"><strong>T\u00e9cnicas de respiraci\u00f3n<\/strong><\/a><\/p>\n\n\n\n<p><a href=\"https:\/\/www.youtube.com\/watch?v=eIb2-uk1UZY\"><strong>Respiraci\u00f3n consciente<\/strong><\/a><\/p>\n\n\n\n<p>Implementa pausas activas durante la jornada de trabajo, es evidente que pasar 8 horas sentado frente a la computadora y en aislamiento no genera el mejor contexto a nivel emocional e inclusive terminar\u00e1 afectando la salud. Los ejercicios que pueden realizar durante una pausa activa pueden variar de persona a persona, pero por lo general se recomiendan estiramientos, movimientos de articulaciones, bailes o saltos. La intenci\u00f3n, es que la actividad reactive nuestro cuerpo y nuestra mente libere un poco de tensi\u00f3n.<\/p>\n\n\n\n<p>&nbsp;Sal de las cuatro paredes, a trav\u00e9s de diferentes herramientas o cosas que disfrutes hacer, permite que tu mente te lleve fuera por medio de libros, m\u00fasica, entretenimiento, ejercicio o alg\u00fan un platillo favorito, etc. Nuevamente haz cosas que te permitan renovar tu energ\u00eda y cambiar la qu\u00edmica de tu cuerpo.<\/p>\n\n\n\n<p>&nbsp;Acepta tus emociones, es importante identificar c\u00f3mo te sientes (alegr\u00eda, tristeza, miedo, ira o disgusto) se consciente de d\u00f3nde viene esa emoci\u00f3n y ac\u00e9ptala, esto te ayudar\u00e1 a canalizar de mejor forma la situaci\u00f3n. Recuerda que no existe necesidad de que la experiencia se ajuste a nuestras ideas de c\u00f3mo deber\u00eda ser.<\/p>\n\n\n\n<p>Hoy es un hecho que nuestra realidad cambi\u00f3, y primero que nada habr\u00e1 que aceptar que todo nuestro contexto laboral est\u00e1 atravesando por una transici\u00f3n, la cual nos lleva a redefinir la manera de trabajar y de involucrarnos con la sociedad. En&nbsp;<a href=\"https:\/\/talentovit.mx\/index.html\" target=\"_blank\" rel=\"noreferrer noopener\"><strong>Talento VIT<\/strong><\/a>&nbsp;estamos seguros de que fortalecer la salud emocional de tus colaboradores te permitir\u00e1 trabajar de una forma m\u00e1s \u00e1gil, productiva y comprometida con todo tu equipo.<\/p>\n","protected":false},"excerpt":{"rendered":"<p>La expansi\u00f3n del coronavirus ha puesto en crisis global a todo el mundo. Nuestras vidas han cambiado s\u00fabitamente, aunque el impacto es diferente en cada persona, seg\u00fan las circunstancias de cada uno. Lo que est\u00e1 claro es que nuestra vida se ha parado. &hellip; <\/p>\n<p><span class=\"more-link\"><a href=\"https:\/\/talentovit.mx\/Blog\/como-contrarrestar-las-repercusiones-emocionales-del-trabajo-remoto-en-la-contingencia\/\" class=\"readmore\">Seguir leyendo<span class=\"screen-reader-text\">\u00bfC\u00f3mo contrarrestar las repercusiones emocionales del trabajo remoto en la contingencia?<\/span><\/a><\/span><\/p>\n","protected":false},"author":2,"featured_media":79,"comment_status":"closed","ping_status":"closed","sticky":false,"template":"","format":"standard","meta":{"footnotes":""},"categories":[3],"tags":[6,4,10,9,5,8],"class_list":["post-67","post","type-post","status-publish","format-standard","has-post-thumbnail","hentry","category-contencion-emocional","tag-colaboradores","tag-contencion-emocional","tag-headhunters","tag-reclutamiento","tag-talento-vit","tag-tecnicas-de-respiracion"],"yoast_head":"<!-- This site is optimized with the Yoast SEO plugin v27.4 - https:\/\/yoast.com\/product\/yoast-seo-wordpress\/ -->\n<title>C\u00f3mo contrarrestar repercusiones emocionales del trabajo remoto<\/title>\n<meta name=\"description\" content=\"Lee nuestro art\u00edculo \u00bfC\u00f3mo contrarrestar las repercusiones emocionales del trabajo remoto en la contingencia? - Talento VIT\" \/>\n<meta name=\"robots\" content=\"index, follow, max-snippet:-1, max-image-preview:large, max-video-preview:-1\" \/>\n<link rel=\"canonical\" href=\"https:\/\/talentovit.mx\/Blog\/como-contrarrestar-las-repercusiones-emocionales-del-trabajo-remoto-en-la-contingencia\/\" \/>\n<meta property=\"og:locale\" content=\"es_ES\" \/>\n<meta property=\"og:type\" content=\"article\" \/>\n<meta property=\"og:title\" content=\"C\u00f3mo contrarrestar repercusiones emocionales del trabajo remoto\" \/>\n<meta property=\"og:description\" content=\"Lee nuestro art\u00edculo \u00bfC\u00f3mo contrarrestar las repercusiones emocionales del trabajo remoto en la contingencia? - Talento VIT\" \/>\n<meta property=\"og:url\" content=\"https:\/\/talentovit.mx\/Blog\/como-contrarrestar-las-repercusiones-emocionales-del-trabajo-remoto-en-la-contingencia\/\" \/>\n<meta property=\"og:site_name\" content=\"Talento VIT\" \/>\n<meta property=\"article:published_time\" content=\"2020-07-15T18:40:51+00:00\" \/>\n<meta property=\"article:modified_time\" content=\"2024-09-24T22:37:25+00:00\" \/>\n<meta property=\"og:image\" content=\"https:\/\/talentovit.mx\/Blog\/wp-content\/uploads\/2020\/07\/Blog-VIT-1.png\" \/>\n\t<meta property=\"og:image:width\" content=\"2050\" \/>\n\t<meta property=\"og:image:height\" content=\"780\" \/>\n\t<meta property=\"og:image:type\" content=\"image\/png\" \/>\n<meta name=\"author\" content=\"Janin Gonzalez\" \/>\n<meta name=\"twitter:card\" content=\"summary_large_image\" \/>\n<meta name=\"twitter:label1\" content=\"Escrito por\" \/>\n\t<meta name=\"twitter:data1\" content=\"Janin Gonzalez\" \/>\n\t<meta name=\"twitter:label2\" content=\"Tiempo de lectura\" \/>\n\t<meta name=\"twitter:data2\" content=\"3 minutos\" \/>\n<script type=\"application\/ld+json\" class=\"yoast-schema-graph\">{\"@context\":\"https:\\\/\\\/schema.org\",\"@graph\":[{\"@type\":\"Article\",\"@id\":\"https:\\\/\\\/talentovit.mx\\\/Blog\\\/como-contrarrestar-las-repercusiones-emocionales-del-trabajo-remoto-en-la-contingencia\\\/#article\",\"isPartOf\":{\"@id\":\"https:\\\/\\\/talentovit.mx\\\/Blog\\\/como-contrarrestar-las-repercusiones-emocionales-del-trabajo-remoto-en-la-contingencia\\\/\"},\"author\":{\"name\":\"Janin Gonzalez\",\"@id\":\"https:\\\/\\\/talentovit.mx\\\/Blog\\\/#\\\/schema\\\/person\\\/414cc072e4197e56124a8552c0389cd0\"},\"headline\":\"\u00bfC\u00f3mo contrarrestar las repercusiones emocionales del trabajo remoto en la contingencia?\",\"datePublished\":\"2020-07-15T18:40:51+00:00\",\"dateModified\":\"2024-09-24T22:37:25+00:00\",\"mainEntityOfPage\":{\"@id\":\"https:\\\/\\\/talentovit.mx\\\/Blog\\\/como-contrarrestar-las-repercusiones-emocionales-del-trabajo-remoto-en-la-contingencia\\\/\"},\"wordCount\":647,\"publisher\":{\"@id\":\"https:\\\/\\\/talentovit.mx\\\/Blog\\\/#organization\"},\"image\":{\"@id\":\"https:\\\/\\\/talentovit.mx\\\/Blog\\\/como-contrarrestar-las-repercusiones-emocionales-del-trabajo-remoto-en-la-contingencia\\\/#primaryimage\"},\"thumbnailUrl\":\"https:\\\/\\\/talentovit.mx\\\/Blog\\\/wp-content\\\/uploads\\\/2020\\\/07\\\/Blog-VIT-1.png\",\"keywords\":[\"Colaboradores\",\"contenci\u00f3n emocional\",\"headhunters\",\"reclutamiento\",\"Talento VIT\",\"T\u00e9cnicas de respiraci\u00f3n\"],\"articleSection\":[\"Contenci\u00f3n Emocional\"],\"inLanguage\":\"es\"},{\"@type\":\"WebPage\",\"@id\":\"https:\\\/\\\/talentovit.mx\\\/Blog\\\/como-contrarrestar-las-repercusiones-emocionales-del-trabajo-remoto-en-la-contingencia\\\/\",\"url\":\"https:\\\/\\\/talentovit.mx\\\/Blog\\\/como-contrarrestar-las-repercusiones-emocionales-del-trabajo-remoto-en-la-contingencia\\\/\",\"name\":\"C\u00f3mo contrarrestar repercusiones emocionales del trabajo remoto\",\"isPartOf\":{\"@id\":\"https:\\\/\\\/talentovit.mx\\\/Blog\\\/#website\"},\"primaryImageOfPage\":{\"@id\":\"https:\\\/\\\/talentovit.mx\\\/Blog\\\/como-contrarrestar-las-repercusiones-emocionales-del-trabajo-remoto-en-la-contingencia\\\/#primaryimage\"},\"image\":{\"@id\":\"https:\\\/\\\/talentovit.mx\\\/Blog\\\/como-contrarrestar-las-repercusiones-emocionales-del-trabajo-remoto-en-la-contingencia\\\/#primaryimage\"},\"thumbnailUrl\":\"https:\\\/\\\/talentovit.mx\\\/Blog\\\/wp-content\\\/uploads\\\/2020\\\/07\\\/Blog-VIT-1.png\",\"datePublished\":\"2020-07-15T18:40:51+00:00\",\"dateModified\":\"2024-09-24T22:37:25+00:00\",\"description\":\"Lee nuestro art\u00edculo \u00bfC\u00f3mo contrarrestar las repercusiones emocionales del trabajo remoto en la contingencia? - Talento VIT\",\"breadcrumb\":{\"@id\":\"https:\\\/\\\/talentovit.mx\\\/Blog\\\/como-contrarrestar-las-repercusiones-emocionales-del-trabajo-remoto-en-la-contingencia\\\/#breadcrumb\"},\"inLanguage\":\"es\",\"potentialAction\":[{\"@type\":\"ReadAction\",\"target\":[\"https:\\\/\\\/talentovit.mx\\\/Blog\\\/como-contrarrestar-las-repercusiones-emocionales-del-trabajo-remoto-en-la-contingencia\\\/\"]}]},{\"@type\":\"ImageObject\",\"inLanguage\":\"es\",\"@id\":\"https:\\\/\\\/talentovit.mx\\\/Blog\\\/como-contrarrestar-las-repercusiones-emocionales-del-trabajo-remoto-en-la-contingencia\\\/#primaryimage\",\"url\":\"https:\\\/\\\/talentovit.mx\\\/Blog\\\/wp-content\\\/uploads\\\/2020\\\/07\\\/Blog-VIT-1.png\",\"contentUrl\":\"https:\\\/\\\/talentovit.mx\\\/Blog\\\/wp-content\\\/uploads\\\/2020\\\/07\\\/Blog-VIT-1.png\",\"width\":2050,\"height\":780},{\"@type\":\"BreadcrumbList\",\"@id\":\"https:\\\/\\\/talentovit.mx\\\/Blog\\\/como-contrarrestar-las-repercusiones-emocionales-del-trabajo-remoto-en-la-contingencia\\\/#breadcrumb\",\"itemListElement\":[{\"@type\":\"ListItem\",\"position\":1,\"name\":\"Portada\",\"item\":\"https:\\\/\\\/talentovit.mx\\\/Blog\\\/\"},{\"@type\":\"ListItem\",\"position\":2,\"name\":\"\u00bfC\u00f3mo contrarrestar las repercusiones emocionales del trabajo remoto en la contingencia?\"}]},{\"@type\":\"WebSite\",\"@id\":\"https:\\\/\\\/talentovit.mx\\\/Blog\\\/#website\",\"url\":\"https:\\\/\\\/talentovit.mx\\\/Blog\\\/\",\"name\":\"Talento VIT\",\"description\":\"\",\"publisher\":{\"@id\":\"https:\\\/\\\/talentovit.mx\\\/Blog\\\/#organization\"},\"potentialAction\":[{\"@type\":\"SearchAction\",\"target\":{\"@type\":\"EntryPoint\",\"urlTemplate\":\"https:\\\/\\\/talentovit.mx\\\/Blog\\\/?s={search_term_string}\"},\"query-input\":{\"@type\":\"PropertyValueSpecification\",\"valueRequired\":true,\"valueName\":\"search_term_string\"}}],\"inLanguage\":\"es\"},{\"@type\":\"Organization\",\"@id\":\"https:\\\/\\\/talentovit.mx\\\/Blog\\\/#organization\",\"name\":\"Talento VIT\",\"url\":\"https:\\\/\\\/talentovit.mx\\\/Blog\\\/\",\"logo\":{\"@type\":\"ImageObject\",\"inLanguage\":\"es\",\"@id\":\"https:\\\/\\\/talentovit.mx\\\/Blog\\\/#\\\/schema\\\/logo\\\/image\\\/\",\"url\":\"https:\\\/\\\/talentovit.mx\\\/Blog\\\/wp-content\\\/uploads\\\/2020\\\/07\\\/02.png\",\"contentUrl\":\"https:\\\/\\\/talentovit.mx\\\/Blog\\\/wp-content\\\/uploads\\\/2020\\\/07\\\/02.png\",\"width\":1261,\"height\":2172,\"caption\":\"Talento VIT\"},\"image\":{\"@id\":\"https:\\\/\\\/talentovit.mx\\\/Blog\\\/#\\\/schema\\\/logo\\\/image\\\/\"}},{\"@type\":\"Person\",\"@id\":\"https:\\\/\\\/talentovit.mx\\\/Blog\\\/#\\\/schema\\\/person\\\/414cc072e4197e56124a8552c0389cd0\",\"name\":\"Janin Gonzalez\",\"image\":{\"@type\":\"ImageObject\",\"inLanguage\":\"es\",\"@id\":\"https:\\\/\\\/secure.gravatar.com\\\/avatar\\\/7f289cfba40e818c32a1aa259bf1e698e6f934390a3ac0d95a0673ded52a8702?s=96&d=mm&r=g\",\"url\":\"https:\\\/\\\/secure.gravatar.com\\\/avatar\\\/7f289cfba40e818c32a1aa259bf1e698e6f934390a3ac0d95a0673ded52a8702?s=96&d=mm&r=g\",\"contentUrl\":\"https:\\\/\\\/secure.gravatar.com\\\/avatar\\\/7f289cfba40e818c32a1aa259bf1e698e6f934390a3ac0d95a0673ded52a8702?s=96&d=mm&r=g\",\"caption\":\"Janin Gonzalez\"},\"sameAs\":[\"https:\\\/\\\/talentovit.mx\"],\"url\":\"https:\\\/\\\/talentovit.mx\\\/Blog\\\/author\\\/mkt\\\/\"}]}<\/script>\n<!-- \/ Yoast SEO plugin. -->","yoast_head_json":{"title":"C\u00f3mo contrarrestar repercusiones emocionales del trabajo remoto","description":"Lee nuestro art\u00edculo \u00bfC\u00f3mo contrarrestar las repercusiones emocionales del trabajo remoto en la contingencia? - Talento VIT","robots":{"index":"index","follow":"follow","max-snippet":"max-snippet:-1","max-image-preview":"max-image-preview:large","max-video-preview":"max-video-preview:-1"},"canonical":"https:\/\/talentovit.mx\/Blog\/como-contrarrestar-las-repercusiones-emocionales-del-trabajo-remoto-en-la-contingencia\/","og_locale":"es_ES","og_type":"article","og_title":"C\u00f3mo contrarrestar repercusiones emocionales del trabajo remoto","og_description":"Lee nuestro art\u00edculo \u00bfC\u00f3mo contrarrestar las repercusiones emocionales del trabajo remoto en la contingencia? - Talento VIT","og_url":"https:\/\/talentovit.mx\/Blog\/como-contrarrestar-las-repercusiones-emocionales-del-trabajo-remoto-en-la-contingencia\/","og_site_name":"Talento VIT","article_published_time":"2020-07-15T18:40:51+00:00","article_modified_time":"2024-09-24T22:37:25+00:00","og_image":[{"width":2050,"height":780,"url":"https:\/\/talentovit.mx\/Blog\/wp-content\/uploads\/2020\/07\/Blog-VIT-1.png","type":"image\/png"}],"author":"Janin Gonzalez","twitter_card":"summary_large_image","twitter_misc":{"Escrito por":"Janin Gonzalez","Tiempo de lectura":"3 minutos"},"schema":{"@context":"https:\/\/schema.org","@graph":[{"@type":"Article","@id":"https:\/\/talentovit.mx\/Blog\/como-contrarrestar-las-repercusiones-emocionales-del-trabajo-remoto-en-la-contingencia\/#article","isPartOf":{"@id":"https:\/\/talentovit.mx\/Blog\/como-contrarrestar-las-repercusiones-emocionales-del-trabajo-remoto-en-la-contingencia\/"},"author":{"name":"Janin Gonzalez","@id":"https:\/\/talentovit.mx\/Blog\/#\/schema\/person\/414cc072e4197e56124a8552c0389cd0"},"headline":"\u00bfC\u00f3mo contrarrestar las repercusiones emocionales del trabajo remoto en la contingencia?","datePublished":"2020-07-15T18:40:51+00:00","dateModified":"2024-09-24T22:37:25+00:00","mainEntityOfPage":{"@id":"https:\/\/talentovit.mx\/Blog\/como-contrarrestar-las-repercusiones-emocionales-del-trabajo-remoto-en-la-contingencia\/"},"wordCount":647,"publisher":{"@id":"https:\/\/talentovit.mx\/Blog\/#organization"},"image":{"@id":"https:\/\/talentovit.mx\/Blog\/como-contrarrestar-las-repercusiones-emocionales-del-trabajo-remoto-en-la-contingencia\/#primaryimage"},"thumbnailUrl":"https:\/\/talentovit.mx\/Blog\/wp-content\/uploads\/2020\/07\/Blog-VIT-1.png","keywords":["Colaboradores","contenci\u00f3n emocional","headhunters","reclutamiento","Talento VIT","T\u00e9cnicas de respiraci\u00f3n"],"articleSection":["Contenci\u00f3n Emocional"],"inLanguage":"es"},{"@type":"WebPage","@id":"https:\/\/talentovit.mx\/Blog\/como-contrarrestar-las-repercusiones-emocionales-del-trabajo-remoto-en-la-contingencia\/","url":"https:\/\/talentovit.mx\/Blog\/como-contrarrestar-las-repercusiones-emocionales-del-trabajo-remoto-en-la-contingencia\/","name":"C\u00f3mo contrarrestar repercusiones emocionales del trabajo remoto","isPartOf":{"@id":"https:\/\/talentovit.mx\/Blog\/#website"},"primaryImageOfPage":{"@id":"https:\/\/talentovit.mx\/Blog\/como-contrarrestar-las-repercusiones-emocionales-del-trabajo-remoto-en-la-contingencia\/#primaryimage"},"image":{"@id":"https:\/\/talentovit.mx\/Blog\/como-contrarrestar-las-repercusiones-emocionales-del-trabajo-remoto-en-la-contingencia\/#primaryimage"},"thumbnailUrl":"https:\/\/talentovit.mx\/Blog\/wp-content\/uploads\/2020\/07\/Blog-VIT-1.png","datePublished":"2020-07-15T18:40:51+00:00","dateModified":"2024-09-24T22:37:25+00:00","description":"Lee nuestro art\u00edculo \u00bfC\u00f3mo contrarrestar las repercusiones emocionales del trabajo remoto en la contingencia? - Talento VIT","breadcrumb":{"@id":"https:\/\/talentovit.mx\/Blog\/como-contrarrestar-las-repercusiones-emocionales-del-trabajo-remoto-en-la-contingencia\/#breadcrumb"},"inLanguage":"es","potentialAction":[{"@type":"ReadAction","target":["https:\/\/talentovit.mx\/Blog\/como-contrarrestar-las-repercusiones-emocionales-del-trabajo-remoto-en-la-contingencia\/"]}]},{"@type":"ImageObject","inLanguage":"es","@id":"https:\/\/talentovit.mx\/Blog\/como-contrarrestar-las-repercusiones-emocionales-del-trabajo-remoto-en-la-contingencia\/#primaryimage","url":"https:\/\/talentovit.mx\/Blog\/wp-content\/uploads\/2020\/07\/Blog-VIT-1.png","contentUrl":"https:\/\/talentovit.mx\/Blog\/wp-content\/uploads\/2020\/07\/Blog-VIT-1.png","width":2050,"height":780},{"@type":"BreadcrumbList","@id":"https:\/\/talentovit.mx\/Blog\/como-contrarrestar-las-repercusiones-emocionales-del-trabajo-remoto-en-la-contingencia\/#breadcrumb","itemListElement":[{"@type":"ListItem","position":1,"name":"Portada","item":"https:\/\/talentovit.mx\/Blog\/"},{"@type":"ListItem","position":2,"name":"\u00bfC\u00f3mo contrarrestar las repercusiones emocionales del trabajo remoto en la contingencia?"}]},{"@type":"WebSite","@id":"https:\/\/talentovit.mx\/Blog\/#website","url":"https:\/\/talentovit.mx\/Blog\/","name":"Talento VIT","description":"","publisher":{"@id":"https:\/\/talentovit.mx\/Blog\/#organization"},"potentialAction":[{"@type":"SearchAction","target":{"@type":"EntryPoint","urlTemplate":"https:\/\/talentovit.mx\/Blog\/?s={search_term_string}"},"query-input":{"@type":"PropertyValueSpecification","valueRequired":true,"valueName":"search_term_string"}}],"inLanguage":"es"},{"@type":"Organization","@id":"https:\/\/talentovit.mx\/Blog\/#organization","name":"Talento VIT","url":"https:\/\/talentovit.mx\/Blog\/","logo":{"@type":"ImageObject","inLanguage":"es","@id":"https:\/\/talentovit.mx\/Blog\/#\/schema\/logo\/image\/","url":"https:\/\/talentovit.mx\/Blog\/wp-content\/uploads\/2020\/07\/02.png","contentUrl":"https:\/\/talentovit.mx\/Blog\/wp-content\/uploads\/2020\/07\/02.png","width":1261,"height":2172,"caption":"Talento VIT"},"image":{"@id":"https:\/\/talentovit.mx\/Blog\/#\/schema\/logo\/image\/"}},{"@type":"Person","@id":"https:\/\/talentovit.mx\/Blog\/#\/schema\/person\/414cc072e4197e56124a8552c0389cd0","name":"Janin Gonzalez","image":{"@type":"ImageObject","inLanguage":"es","@id":"https:\/\/secure.gravatar.com\/avatar\/7f289cfba40e818c32a1aa259bf1e698e6f934390a3ac0d95a0673ded52a8702?s=96&d=mm&r=g","url":"https:\/\/secure.gravatar.com\/avatar\/7f289cfba40e818c32a1aa259bf1e698e6f934390a3ac0d95a0673ded52a8702?s=96&d=mm&r=g","contentUrl":"https:\/\/secure.gravatar.com\/avatar\/7f289cfba40e818c32a1aa259bf1e698e6f934390a3ac0d95a0673ded52a8702?s=96&d=mm&r=g","caption":"Janin Gonzalez"},"sameAs":["https:\/\/talentovit.mx"],"url":"https:\/\/talentovit.mx\/Blog\/author\/mkt\/"}]}},"_links":{"self":[{"href":"https:\/\/talentovit.mx\/Blog\/wp-json\/wp\/v2\/posts\/67","targetHints":{"allow":["GET"]}}],"collection":[{"href":"https:\/\/talentovit.mx\/Blog\/wp-json\/wp\/v2\/posts"}],"about":[{"href":"https:\/\/talentovit.mx\/Blog\/wp-json\/wp\/v2\/types\/post"}],"author":[{"embeddable":true,"href":"https:\/\/talentovit.mx\/Blog\/wp-json\/wp\/v2\/users\/2"}],"replies":[{"embeddable":true,"href":"https:\/\/talentovit.mx\/Blog\/wp-json\/wp\/v2\/comments?post=67"}],"version-history":[{"count":1,"href":"https:\/\/talentovit.mx\/Blog\/wp-json\/wp\/v2\/posts\/67\/revisions"}],"predecessor-version":[{"id":68,"href":"https:\/\/talentovit.mx\/Blog\/wp-json\/wp\/v2\/posts\/67\/revisions\/68"}],"wp:featuredmedia":[{"embeddable":true,"href":"https:\/\/talentovit.mx\/Blog\/wp-json\/wp\/v2\/media\/79"}],"wp:attachment":[{"href":"https:\/\/talentovit.mx\/Blog\/wp-json\/wp\/v2\/media?parent=67"}],"wp:term":[{"taxonomy":"category","embeddable":true,"href":"https:\/\/talentovit.mx\/Blog\/wp-json\/wp\/v2\/categories?post=67"},{"taxonomy":"post_tag","embeddable":true,"href":"https:\/\/talentovit.mx\/Blog\/wp-json\/wp\/v2\/tags?post=67"}],"curies":[{"name":"wp","href":"https:\/\/api.w.org\/{rel}","templated":true}]}}